{"id":1,"date":"2014-08-21T09:38:49","date_gmt":"2014-08-21T07:38:49","guid":{"rendered":"http:\/\/bielefelder-friedensini.de\/\/?p=1"},"modified":"2015-05-12T23:29:24","modified_gmt":"2015-05-12T21:29:24","slug":"hallo-welt","status":"publish","type":"post","link":"https:\/\/bielefelder-friedensini.de\/?p=1","title":{"rendered":"Friedensfest auf dem Kesselbrink"},"content":{"rendered":"<h4><strong>Samstag, 30. August 2014, 16 &#8211; 22 Uhr<\/strong><\/h4>\n<h2 style=\"text-align: justify;\">100 Jahre 1. Weltkrieg mahnen: Krieg l\u00f6st keine Probleme!<\/h2>\n<p style=\"text-align: justify;\">Vor 100 Jahren begann im August 1914 der 1. Weltkrieg mit schrecklichen Gr\u00e4ueltaten, dem ersten Einsatz von Giftgas und 17 Millionen Toten. Im Laufe dieser hundert Jahre wurden weiter(e) Kriege gef\u00fchrt, vom 2. Weltkrieg bis zu den heutigen Kriegen im Kosovo, in Afghanistan, im Irak und zu dem jetzt drohenden Krieg um die Ukraine.<br \/>\n<strong>Wir sagen: Krieg ist ein Verbrechen und darf nicht unter\u00adst\u00fctzt werden!<\/strong><br \/>\nDeswegen lehnen wir die aktuellen und geplanten Kriege Deutschlands in der Welt ab. Dies gilt von Afghanistan bis Ukraine f\u00fcr alle internationalen Konflikte. Internationale Konflikte sind auf diplo\u00admatischem Wege \u00fcber Verhandlungen zu l\u00f6sen und nicht durch Nato, EU oder durch weitere Milit\u00e4reins\u00e4tze.<br \/>\nWir wollen ein Leben ohne Krieg, Milit\u00e4r und ohne Gewalt, daher wollen wir auch nicht, dass die Bundeswehr an Schulen f\u00fcr das T\u00f6ten von Menschen wirbt! Auf dem Kesselbrink versammelten sich vor 100 Jahren viele tausend Menschen im Protest gegen den drohenden Krieg.<br \/>\nNun wollen wir bei einem Friedensfest auf dem Kesselbrink am 30. August an den Protest der Bielefelderinnen und Bielefelder gegen den 1. Weltkrieg erinnern. Schon heute lehnen viele Menschen Kriege und Kriegspolitik ab. Dem wollen wir in Bielefeld mehr \u00f6ffentliches Geh\u00f6r verschaffen. Streitet und feiert mit uns f\u00fcr eine friedliche Welt ohne Kriege und f\u00fcr ein ziviles Europa, von dem keine Kriege mehr ausgehen.<\/p>\n<p style=\"text-align: justify;\"><a title=\"Programm\" href=\"http:\/\/bielefelder-friedensini.de\/?page_id=11\">Zum Programm<\/a> des Friedensfestes.<\/p>\n","protected":false},"excerpt":{"rendered":"<p>Samstag, 30. August 2014, 16 &#8211; 22 Uhr 100 Jahre 1. Weltkrieg mahnen: Krieg l\u00f6st keine Probleme! Vor 100 Jahren begann im August 1914 der 1. Weltkrieg mit schrecklichen Gr\u00e4ueltaten, dem ersten Einsatz von Giftgas und 17 Millionen Toten. Im Laufe dieser hundert Jahre wurden weiter(e) Kriege gef\u00fchrt, vom 2. Weltkrieg bis zu den heutigen &hellip; <a href=\"https:\/\/bielefelder-friedensini.de\/?p=1\" class=\"more-link\"><span class=\"screen-reader-text\">Friedensfest auf dem Kesselbrink<\/span> weiterlesen <span class=\"meta-nav\">&rarr;<\/span><\/a><\/p>\n","protected":false},"author":1,"featured_media":0,"comment_status":"open","ping_status":"open","sticky":false,"template":"","format":"standard","meta":{"footnotes":""},"categories":[3],"tags":[],"class_list":["post-1","post","type-post","status-publish","format-standard","hentry","category-archiv"],"_links":{"self":[{"href":"https:\/\/bielefelder-friedensini.de\/index.php?rest_route=\/wp\/v2\/posts\/1","targetHints":{"allow":["GET"]}}],"collection":[{"href":"https:\/\/bielefelder-friedensini.de\/index.php?rest_route=\/wp\/v2\/posts"}],"about":[{"href":"https:\/\/bielefelder-friedensini.de\/index.php?rest_route=\/wp\/v2\/types\/post"}],"author":[{"embeddable":true,"href":"https:\/\/bielefelder-friedensini.de\/index.php?rest_route=\/wp\/v2\/users\/1"}],"replies":[{"embeddable":true,"href":"https:\/\/bielefelder-friedensini.de\/index.php?rest_route=%2Fwp%2Fv2%2Fcomments&post=1"}],"version-history":[{"count":6,"href":"https:\/\/bielefelder-friedensini.de\/index.php?rest_route=\/wp\/v2\/posts\/1\/revisions"}],"predecessor-version":[{"id":166,"href":"https:\/\/bielefelder-friedensini.de\/index.php?rest_route=\/wp\/v2\/posts\/1\/revisions\/166"}],"wp:attachment":[{"href":"https:\/\/bielefelder-friedensini.de\/index.php?rest_route=%2Fwp%2Fv2%2Fmedia&parent=1"}],"wp:term":[{"taxonomy":"category","embeddable":true,"href":"https:\/\/bielefelder-friedensini.de\/index.php?rest_route=%2Fwp%2Fv2%2Fcategories&post=1"},{"taxonomy":"post_tag","embeddable":true,"href":"https:\/\/bielefelder-friedensini.de\/index.php?rest_route=%2Fwp%2Fv2%2Ftags&post=1"}],"curies":[{"name":"wp","href":"https:\/\/api.w.org\/{rel}","templated":true}]}}