{"id":1542,"date":"2022-04-08T18:31:39","date_gmt":"2022-04-08T16:31:39","guid":{"rendered":"https:\/\/bielefelder-friedensini.de\/?p=1542"},"modified":"2022-04-11T23:41:30","modified_gmt":"2022-04-11T21:41:30","slug":"wir-unterstuetzen-den-ostermarsch-2022","status":"publish","type":"post","link":"https:\/\/bielefelder-friedensini.de\/?p=1542","title":{"rendered":"Wir unterst\u00fctzen den Ostermarsch 2022"},"content":{"rendered":"\n<figure class=\"wp-block-image size-large is-resized\"><a href=\"https:\/\/bielefelder-friedensini.de\/wp-content\/uploads\/2022\/04\/grafik.png\"><img loading=\"lazy\" decoding=\"async\" src=\"https:\/\/bielefelder-friedensini.de\/wp-content\/uploads\/2022\/04\/grafik.png\" alt=\"\" class=\"wp-image-1543\" width=\"531\" height=\"157\" srcset=\"https:\/\/bielefelder-friedensini.de\/wp-content\/uploads\/2022\/04\/grafik.png 911w, https:\/\/bielefelder-friedensini.de\/wp-content\/uploads\/2022\/04\/grafik-300x89.png 300w, https:\/\/bielefelder-friedensini.de\/wp-content\/uploads\/2022\/04\/grafik-768x227.png 768w\" sizes=\"auto, (max-width: 531px) 100vw, 531px\" \/><\/a><\/figure>\n\n\n\n<p style=\"font-size:28px\">Arbeitskreis BLUMEN F\u00dcR STUKENBROCK <\/p>\n\n\n\n<p style=\"font-size:28px\">ARIWA Animal Rights Watch OWL<\/p>\n\n\n\n<p style=\"font-size:28px\">Attac Bielefeld<\/p>\n\n\n\n<p style=\"font-size:28px\">Attac G\u00fctersloh<\/p>\n\n\n\n<p style=\"font-size:28px\">B\u00fcndnis gegen die T\u00f6nnies-Erweiterung<\/p>\n\n\n\n<p style=\"font-size:28px\">Bundesverband der Migrantinnen Bielefeld<\/p>\n\n\n\n<p style=\"font-size:28px\">Demokratisch-Kurdisches Gesellschaftszentrum Bielefeld DKTM<\/p>\n\n\n\n<p style=\"font-size:28px\">Deutsche Friedensgesellschaft-Vereinigte Kriegsdienstgegner*innen DFG-VK OWL<\/p>\n\n\n\n<p style=\"font-size:28px\">DIDF-Bielefeld<\/p>\n\n\n\n<!--more-->\n\n\n\n<p style=\"font-size:28px\">DIE LINKE. Kreisverband Bielefeld<\/p>\n\n\n\n<p style=\"font-size:28px\">DIE LINKE. Kreisverband G\u00fctersloh<\/p>\n\n\n\n<p style=\"font-size:28px\">DIE LINKE. Kreisverband Herford<\/p>\n\n\n\n<p style=\"font-size:28px\">DIE LINKE. Kreisverband Lippe<\/p>\n\n\n\n<p style=\"font-size:28px\">DIE LINKE. Kreisverband Minden-L\u00fcbbecke<\/p>\n\n\n\n<p style=\"font-size:28px\">DIE LINKE. Kreisverband Paderborn<\/p>\n\n\n\n<p style=\"font-size:28px\">DKP Bielefeld<\/p>\n\n\n\n<p style=\"font-size:28px\">DKP Minden<\/p>\n\n\n\n<p style=\"font-size:28px\">DKP OWL<\/p>\n\n\n\n<p style=\"font-size:28px\">Extinction Rebellion XR \u2013 Bielefeld<\/p>\n\n\n\n<p style=\"font-size:28px\">fairleben gt e.V.<\/p>\n\n\n\n<p style=\"font-size:28px\">FAU Bielefeld<\/p>\n\n\n\n<p style=\"font-size:28px\">Friedensritt<\/p>\n\n\n\n<p style=\"font-size:28px\">Friedens- und Fl\u00fcchtlingsbegleiter-Gruppe Herford<\/p>\n\n\n\n<p style=\"font-size:28px\">GEW Bielefeld<\/p>\n\n\n\n<p style=\"font-size:28px\">IG Metall G\u00fctersloh-Oelde<\/p>\n\n\n\n<p style=\"font-size:28px\">Initiative f\u00fcr Frieden und Hoffnung in Kurdistan e.V<\/p>\n\n\n\n<p style=\"font-size:28px\">Initiative gegen Krieg und Militarismus<\/p>\n\n\n\n<p style=\"font-size:28px\">Internationaler Vers\u00f6hnungsbund, Regionalgruppe Bielefeld<\/p>\n\n\n\n<p style=\"font-size:28px\">IPPNW-Regionalgruppe Herford<\/p>\n\n\n\n<p style=\"font-size:28px\">Junge Linke Bielefeld<\/p>\n\n\n\n<p style=\"font-size:28px\">JXK Studierende Frauen aus Kurdistan<\/p>\n\n\n\n<p style=\"font-size:28px\">LAG Tierschutz DIE LINKE. NRW<\/p>\n\n\n\n<p style=\"font-size:28px\">Linksjugend Kreis G\u00fctersloh<\/p>\n\n\n\n<p style=\"font-size:28px\">DIE LINKE. Kreisverband Herford<\/p>\n\n\n\n<p style=\"font-size:28px\">NaturFreunde Bielefeld<\/p>\n\n\n\n<p style=\"font-size:28px\">NaturFreunde Herford<\/p>\n\n\n\n<p style=\"font-size:28px\">Parents for Future Bielefeld<\/p>\n\n\n\n<p style=\"font-size:28px\">SDAJ OWL<\/p>\n\n\n\n<p style=\"font-size:28px\">TC\u015e &#8211; Bewegung der Revolution\u00e4ren Jugend<\/p>\n\n\n\n<p style=\"font-size:28px\">TEKO JIN Bewegung der jungen k\u00e4mpferischen Frauen<\/p>\n\n\n\n<p style=\"font-size:28px\">ver.di Betriebsgruppe der Diakonischen Stiftung Wittekindshof, Bad Oeynhausen&nbsp;<\/p>\n\n\n\n<p style=\"font-size:28px\">ver.di Bezirksfrauenrat OWL<\/p>\n\n\n\n<p style=\"font-size:28px\">ver.di Bezirksvorstand OWL<\/p>\n\n\n\n<p style=\"font-size:28px\">VVN-BdA Bielefeld<\/p>\n\n\n\n<p style=\"font-size:28px\">VVN-BdA Minden-L\u00fcbbecke<\/p>\n\n\n\n<p style=\"font-size:28px\">YXK Verband der Studierenden aus Kurdistan<\/p>\n\n\n\n<figure class=\"wp-block-image size-large\"><a href=\"https:\/\/bielefelder-friedensini.de\/wp-content\/uploads\/2022\/04\/grafik-1.png\"><img loading=\"lazy\" decoding=\"async\" width=\"1024\" height=\"192\" src=\"https:\/\/bielefelder-friedensini.de\/wp-content\/uploads\/2022\/04\/grafik-1-1024x192.png\" alt=\"\" class=\"wp-image-1544\" srcset=\"https:\/\/bielefelder-friedensini.de\/wp-content\/uploads\/2022\/04\/grafik-1-1024x192.png 1024w, https:\/\/bielefelder-friedensini.de\/wp-content\/uploads\/2022\/04\/grafik-1-300x56.png 300w, https:\/\/bielefelder-friedensini.de\/wp-content\/uploads\/2022\/04\/grafik-1-768x144.png 768w, https:\/\/bielefelder-friedensini.de\/wp-content\/uploads\/2022\/04\/grafik-1-1536x288.png 1536w, https:\/\/bielefelder-friedensini.de\/wp-content\/uploads\/2022\/04\/grafik-1.png 1629w\" sizes=\"auto, (max-width: 1024px) 100vw, 1024px\" \/><\/a><\/figure>\n\n\n\n<p style=\"font-size:28px\">Dirk Bekemeier, ver.di Fachgruppe Kirche OWL, Bad Oeynhausen&nbsp;<\/p>\n\n\n\n<p style=\"font-size:28px\">Gabi Bieberstein, DIE LINKE Bielefeld<\/p>\n\n\n\n<p style=\"font-size:28px\">Franz Dowhan, DIE LINKE, Landtagskandidat im Wahlkreis G\u00fctersloh II<\/p>\n\n\n\n<p style=\"font-size:28px\">Brigitte G\u00e4rtner-Coulibaly, Herford<\/p>\n\n\n\n<p style=\"font-size:28px\">Camila Cirlini, Stadtr\u00e4tin, DIE LINKE G\u00fctersloh<\/p>\n\n\n\n<p style=\"font-size:28px\">Inge H\u00f6ger, Kreissprecherin DIE LINKE. Kreis Herford<\/p>\n\n\n\n<p style=\"font-size:28px\">Uschi Kappeler, Sprecherin DIE LINKE Kreis G\u00fctersloh<\/p>\n\n\n\n<p style=\"font-size:28px\">Berthold Keunecke, Synodalbeauftragter f\u00fcr Friedensbildung im Ev. Kirchenkreis Herford<\/p>\n\n\n\n<p style=\"font-size:28px\">Ludger Klein-Ridder, DIE LINKE G\u00fctersloh<\/p>\n\n\n\n<p style=\"font-size:28px\">Irmgard Pehle, Sprecherin DFG-VK OWL<\/p>\n\n\n\n<p style=\"font-size:28px\">Michael Pusch, Sprecher DIE LINKE Kreis G\u00fctersloh<\/p>\n\n\n\n<p style=\"font-size:28px\">Rolf Reinert, DFG-VK OWL&nbsp;<\/p>\n\n\n\n<p style=\"font-size:28px\">Marcus Schwermann, DIE LINKE, Landtagskandidat im Wahlkreis G\u00fctersloh III<\/p>\n\n\n\n<p style=\"font-size:28px\">Martina Sunderbrink, verdi Fachgruppe Kirche, Bad Oeynhausen<\/p>\n\n\n\n<p style=\"font-size:28px\">Meike Taeubig, DIE LINKE, Landtagskandidatin im Wahlkreis G\u00fctersloh I\/Bielefeld III<\/p>\n\n\n\n<p style=\"font-size:28px\">Christiane und Cevat T\u00fcrke, Bad Salzuflen<\/p>\n\n\n\n<p style=\"font-size:28px\">Emanuel Zurbr\u00fcggen, Mitglied im Kreistag, DIE LINKE G\u00fctersloh<\/p>\n\n\n\n<hr class=\"wp-block-separator\"\/>\n\n\n\n<p><\/p>\n","protected":false},"excerpt":{"rendered":"<p>Arbeitskreis BLUMEN F\u00dcR STUKENBROCK ARIWA Animal Rights Watch OWL Attac Bielefeld Attac G\u00fctersloh B\u00fcndnis gegen die T\u00f6nnies-Erweiterung Bundesverband der Migrantinnen Bielefeld Demokratisch-Kurdisches Gesellschaftszentrum Bielefeld DKTM Deutsche Friedensgesellschaft-Vereinigte Kriegsdienstgegner*innen DFG-VK OWL DIDF-Bielefeld<\/p>\n","protected":false},"author":2,"featured_media":0,"comment_status":"closed","ping_status":"closed","sticky":false,"template":"","format":"standard","meta":{"footnotes":""},"categories":[1],"tags":[],"class_list":["post-1542","post","type-post","status-publish","format-standard","hentry","category-aktuelles"],"_links":{"self":[{"href":"https:\/\/bielefelder-friedensini.de\/index.php?rest_route=\/wp\/v2\/posts\/1542","targetHints":{"allow":["GET"]}}],"collection":[{"href":"https:\/\/bielefelder-friedensini.de\/index.php?rest_route=\/wp\/v2\/posts"}],"about":[{"href":"https:\/\/bielefelder-friedensini.de\/index.php?rest_route=\/wp\/v2\/types\/post"}],"author":[{"embeddable":true,"href":"https:\/\/bielefelder-friedensini.de\/index.php?rest_route=\/wp\/v2\/users\/2"}],"replies":[{"embeddable":true,"href":"https:\/\/bielefelder-friedensini.de\/index.php?rest_route=%2Fwp%2Fv2%2Fcomments&post=1542"}],"version-history":[{"count":11,"href":"https:\/\/bielefelder-friedensini.de\/index.php?rest_route=\/wp\/v2\/posts\/1542\/revisions"}],"predecessor-version":[{"id":1559,"href":"https:\/\/bielefelder-friedensini.de\/index.php?rest_route=\/wp\/v2\/posts\/1542\/revisions\/1559"}],"wp:attachment":[{"href":"https:\/\/bielefelder-friedensini.de\/index.php?rest_route=%2Fwp%2Fv2%2Fmedia&parent=1542"}],"wp:term":[{"taxonomy":"category","embeddable":true,"href":"https:\/\/bielefelder-friedensini.de\/index.php?rest_route=%2Fwp%2Fv2%2Fcategories&post=1542"},{"taxonomy":"post_tag","embeddable":true,"href":"https:\/\/bielefelder-friedensini.de\/index.php?rest_route=%2Fwp%2Fv2%2Ftags&post=1542"}],"curies":[{"name":"wp","href":"https:\/\/api.w.org\/{rel}","templated":true}]}}