{"id":1563,"date":"2022-04-19T19:48:11","date_gmt":"2022-04-19T17:48:11","guid":{"rendered":"https:\/\/bielefelder-friedensini.de\/?p=1563"},"modified":"2022-04-19T19:50:56","modified_gmt":"2022-04-19T17:50:56","slug":"ukraine-krieg-hintergruende-perspektiven","status":"publish","type":"post","link":"https:\/\/bielefelder-friedensini.de\/?p=1563","title":{"rendered":"UKRAINE-KRIEG HINTERGR\u00dcNDE &#038; PERSPEKTIVEN"},"content":{"rendered":"\n<p class=\"has-large-font-size\"><strong>Montag, 2. Mai<\/strong>, 19.30 Uhr <strong><u>online<\/u><\/strong><\/p>\n\n\n\n<p>Der Referent <strong>Clemens Ronnefeldt<\/strong> ist seit 1992 Referent f\u00fcr Friedensfragen beim deutschen Zweig des Internationalen Vers\u00f6hnungsbundes,<\/p>\n\n\n\n<h5 class=\"wp-block-heading\">Veranstalter: Friedensinitiative Bielefeld\/Ostwestfalen-Lippe, IPPNW Regionalgruppe Bielefeld, Deutsche Friedensgesellschaft &#8211; Vereinigte Kriegsdienstgegner*innen OWL, Internationaler Vers\u00f6hnungsbund. Regionalgruppe Bielefeld <\/h5>\n\n\n\n<p>Anmeldung bei: g.bieberstein@jpberlin.de oder monikagreve@online.de m\u00f6glichst bis 01.05. 19:30 Uhr<\/p>\n\n\n\n<p><\/p>\n\n\n\n<h1 class=\"wp-block-heading\" style=\"font-size:18px\">Hinweisen m\u00f6chten wir&nbsp; auch auf die Vortr\u00e4ge&nbsp; des Forums Offene Wissenschaft an der&nbsp; Uni Bielefeld<\/h1>\n\n\n\n<h1 class=\"wp-block-heading\" style=\"font-size:18px\"><a target=\"_blank\" href=\"https:\/\/uni-bielefeld.de\/themen\/forum\/veranstaltungen\/Programm-SoSe-2022.pdf\" rel=\"noreferrer noopener\">https:\/\/uni-bielefeld.de\/themen\/forum\/veranstaltungen\/Programm-SoSe-2022.pdf<\/a><\/h1>\n","protected":false},"excerpt":{"rendered":"<p>Montag, 2. Mai, 19.30 Uhr online Der Referent Clemens Ronnefeldt ist seit 1992 Referent f\u00fcr Friedensfragen beim deutschen Zweig des Internationalen Vers\u00f6hnungsbundes, Veranstalter: Friedensinitiative Bielefeld\/Ostwestfalen-Lippe, IPPNW Regionalgruppe Bielefeld, Deutsche Friedensgesellschaft &#8211; Vereinigte Kriegsdienstgegner*innen OWL, Internationaler Vers\u00f6hnungsbund. Regionalgruppe Bielefeld Anmeldung bei: g.bieberstein@jpberlin.de oder monikagreve@online.de m\u00f6glichst bis 01.05. 19:30 Uhr Hinweisen m\u00f6chten wir&nbsp; auch auf die Vortr\u00e4ge&nbsp; &hellip; <a href=\"https:\/\/bielefelder-friedensini.de\/?p=1563\" class=\"more-link\"><span class=\"screen-reader-text\">UKRAINE-KRIEG HINTERGR\u00dcNDE &#038; PERSPEKTIVEN<\/span> weiterlesen <span class=\"meta-nav\">&rarr;<\/span><\/a><\/p>\n","protected":false},"author":2,"featured_media":0,"comment_status":"closed","ping_status":"closed","sticky":false,"template":"","format":"standard","meta":{"footnotes":""},"categories":[1],"tags":[],"class_list":["post-1563","post","type-post","status-publish","format-standard","hentry","category-aktuelles"],"_links":{"self":[{"href":"https:\/\/bielefelder-friedensini.de\/index.php?rest_route=\/wp\/v2\/posts\/1563","targetHints":{"allow":["GET"]}}],"collection":[{"href":"https:\/\/bielefelder-friedensini.de\/index.php?rest_route=\/wp\/v2\/posts"}],"about":[{"href":"https:\/\/bielefelder-friedensini.de\/index.php?rest_route=\/wp\/v2\/types\/post"}],"author":[{"embeddable":true,"href":"https:\/\/bielefelder-friedensini.de\/index.php?rest_route=\/wp\/v2\/users\/2"}],"replies":[{"embeddable":true,"href":"https:\/\/bielefelder-friedensini.de\/index.php?rest_route=%2Fwp%2Fv2%2Fcomments&post=1563"}],"version-history":[{"count":2,"href":"https:\/\/bielefelder-friedensini.de\/index.php?rest_route=\/wp\/v2\/posts\/1563\/revisions"}],"predecessor-version":[{"id":1567,"href":"https:\/\/bielefelder-friedensini.de\/index.php?rest_route=\/wp\/v2\/posts\/1563\/revisions\/1567"}],"wp:attachment":[{"href":"https:\/\/bielefelder-friedensini.de\/index.php?rest_route=%2Fwp%2Fv2%2Fmedia&parent=1563"}],"wp:term":[{"taxonomy":"category","embeddable":true,"href":"https:\/\/bielefelder-friedensini.de\/index.php?rest_route=%2Fwp%2Fv2%2Fcategories&post=1563"},{"taxonomy":"post_tag","embeddable":true,"href":"https:\/\/bielefelder-friedensini.de\/index.php?rest_route=%2Fwp%2Fv2%2Ftags&post=1563"}],"curies":[{"name":"wp","href":"https:\/\/api.w.org\/{rel}","templated":true}]}}