{"id":1572,"date":"2022-04-22T21:15:10","date_gmt":"2022-04-22T19:15:10","guid":{"rendered":"https:\/\/bielefelder-friedensini.de\/?p=1572"},"modified":"2022-04-22T22:08:59","modified_gmt":"2022-04-22T20:08:59","slug":"rede-angelika-claussen-ippnw","status":"publish","type":"post","link":"https:\/\/bielefelder-friedensini.de\/?p=1572","title":{"rendered":"Rede Angelika Clau\u00dfen IPPNW"},"content":{"rendered":"\n<p>Der v\u00f6lkerrechtswidrige Angriffskriegs Russlands auf die Ukraine und die schrecklichen Bilder des uns\u00e4glichen Leids von Zehntausenden Menschen in der Ukraine dominieren seit Kriegsbeginn die Medien. Wir sind entsetzt, f\u00fchlen sich wie gel\u00e4hmt, f\u00fchlen uns hilflos und manchmal auch voller Wut.<\/p>\n\n\n\n<p>Die Berichte, die wir jetzt \u00fcber Putin und die russische Herrschaftselite h\u00f6ren, l\u00f6sen Verzweiflung aus, denn Pr\u00e4sident Putin und seine Helfeshelfer scheinen nicht einlenken zu wollen. Verhandlungen zu einem Waffenstillstand scheinen in weiter Ferne zu liegen. Vieles deutet auf eine langen oder zumindest l\u00e4ngeren Abnutzungskrieg hin, der die Soldaten und die Zivilbev\u00f6lkerung auf beiden Seiten unz\u00e4hlige Opfer kosten wird und ein tief verwundetes und zerst\u00f6rtes Land hinterlassen wird.<\/p>\n\n\n\n<p>Die Logik des Krieges, der reflexhafte Ruf nach immer mehr Waffen f\u00fcr die Ukraine zur Selbstverteidigung des Landes bestimmen die Diskussion. Auch der Ruf nach immer sch\u00e4rferen Embargobestimmungen durch die EU und weitere NATO -L\u00e4nder bestimmen die Debatte.<\/p>\n\n\n\n<!--more-->\n\n\n\n<p>Doch m\u00fcssen nicht gerade wir, aus der Friedensbewegung, Impulse in die Gesellschaft und in die Politik tragen, welche <strong>Wege mittel- und langfristig zum Frieden in der Ukraine und in Europa f\u00fchren<\/strong>, angefangen mit einer <strong>Waffenruhe<\/strong>. <strong>Sicherheit und Frieden<\/strong> f\u00fcr die Menschen in der Ukraine, als Teil von Europa und f\u00fcr die Menschen in ganz Europa. Die gemeinsame Frage aus Friedensbewegung, Gesellschaft und Politik hei\u00dft doch: <strong>Wie kann der Krieg in der Ukraine beendet werden? Ohne dass er in einen Weltkrieg oder in einen Atomkrieg in Europa eskaliert?<\/strong><\/p>\n\n\n\n<p>Geht der Weg zum Frieden nur \u00fcber den milit\u00e4rischen Sieg der Ukraine? Geht der Weg zum Frieden nur durch die \u00f6konomische Niederlage Russlands? Die Gesellschaft, die Kirchen, die Gewerkschaften und auch die Friedens- und Klimabewegung sind in der Frage nach Waffenlieferungen an die Ukraine gespalten. Das ist eine Tatsache, die wir anerkennen. &nbsp;<\/p>\n\n\n\n<p>Allerdings wissen wir aus der Friedenbewegung, dass <strong>Waffenlieferungen Konflikte befeuern und verl\u00e4ngern. Waffenlieferungen zerst\u00f6ren die Neutralit\u00e4t. Waffen erschweren R\u00fcstungsexportkontrollen. Es gibt keine defensiven Waffen,<\/strong> die man mit besserem Gewissen liefern k\u00f6nnte. Dies sind nur einigen Argumente gegen Waffenlieferungen. Doch in einem sind sich die hier Versammelten einig: <strong>wir lehnen das 100 Mrd. Aufr\u00fcstungspaket<\/strong>, das als Sonderverm\u00f6gen in der Verfassung verankert werden soll <strong>strikt <\/strong>ab. Dazu sp\u00e4ter mehr von der Gewerkschafterin Martina Schu.<\/p>\n\n\n\n<p><strong>Ich m\u00f6chte noch etwas zur Gefahr eines Atomkriegs in Europa sagen:<\/strong><\/p>\n\n\n\n<p>Pr\u00e4sident Putin machte gleich zu Beginn seiner Invasion deutlich, dass der <strong>Einsatz von russischen Atomwaffen in diesem Krieg m\u00f6glich ist<\/strong>. Gemeint sind <strong>taktische Atomwaffen<\/strong>, also solche mit kurzer Reichweite und etwas herabgesetzter Zerst\u00f6rungskraft. Das w\u00fcrde die NATO -Staaten ebenfalls zu einem Einsatz ihrer Atomwaffen zwingen.<\/p>\n\n\n\n<p>So ist das <strong>Gespenst eines Atomkriegs in Europa<\/strong> wieder zur\u00fcckgekehrt. Fatal ist, dass sich <strong>alle f\u00fcnf Atomm\u00e4chte<\/strong> im UN-Sicherheitsrat strikt weigern, dem <strong>Atomwaffenverbotsvertrag<\/strong> beizutreten. Der Vertrag zum kompletten Verbot von Atomwaffen ist unser Werk, das Werk der Friedensbewegung. Wir haben ihn gegen die Atomwaffenm\u00e4chte durchgesetzt. Eine Erfolgsgeschichte, in der die Friedensbewegung des globalen Nordens und des globalen S\u00fcdens zusammengearbeitet haben in der weltweiten Kampagne zum Atomwaffenverbot, ICAN.<\/p>\n\n\n\n<p>Wie kann jetzt die <strong>Eskalation in einen Atomkrieg in Europa verh\u00fctet werden<\/strong>?<\/p>\n\n\n\n<p>Weltweit hat die IPPNW zusammen mit anderen Friedensnobelpreis-tr\u00e4ger:innen \u00fcber eine Million Unterschriften gesammelt und an die UNO \u00fcbergeben. Unsere Forderung an alle f\u00fcnf UN \u2013 Atomm\u00e4chte: sie m\u00fcssen jetzt <strong>gemeinsam und verbindlich<\/strong> erkl\u00e4ren, dass sie auf einen Erst-Einsatz von Atomwaffen im Ukraine -Krieg und auch in Zukunft, bei anderen kriegerischen Konflikten, verzichten werden. Stellen wir uns vor:<\/p>\n\n\n\n<p>Das Angebot zum Verzicht auf den Einsatz von Atomwaffen wird vorgetragen NATO- Generalsekret\u00e4r Stoltenberg gemeinsam mit UNO-Generalsekret\u00e4r Guiterres: Ein solches \u00fcbergeordnetes Ziel k\u00f6nnte einflussreiche Personen aus dem Kreis um Putin gesichtswahrend helfen, sich endlich an den Verhandlungstisch f\u00fcr einen Waffenstillstand im Ukrainekrieg zu setzen.<\/p>\n\n\n\n<p>Zum Schluss eine Empfehlung an unsere Bundesregierung <strong>gegen den Kauf von F 35 Atombombern, Kosten knapp 8 Mrd. Euro<\/strong><strong>W\u00e4re es nicht ein wichtiges Friedenszeichen, wenn Deutschland jetzt 8 Mrd. an das Weltern\u00e4hrungsprogramm gibt<\/strong>? <strong>8 Mrd. deckt den j\u00e4hrlichen Bedarf an Nahrungsmittelhilfe auf der ganzen Welt. Wir brauchen keine Atombomber! &nbsp;<\/strong><\/p>\n","protected":false},"excerpt":{"rendered":"<p>Der v\u00f6lkerrechtswidrige Angriffskriegs Russlands auf die Ukraine und die schrecklichen Bilder des uns\u00e4glichen Leids von Zehntausenden Menschen in der Ukraine dominieren seit Kriegsbeginn die Medien. Wir sind entsetzt, f\u00fchlen sich wie gel\u00e4hmt, f\u00fchlen uns hilflos und manchmal auch voller Wut. Die Berichte, die wir jetzt \u00fcber Putin und die russische Herrschaftselite h\u00f6ren, l\u00f6sen Verzweiflung aus, &hellip; <a href=\"https:\/\/bielefelder-friedensini.de\/?p=1572\" class=\"more-link\"><span class=\"screen-reader-text\">Rede Angelika Clau\u00dfen IPPNW<\/span> weiterlesen <span class=\"meta-nav\">&rarr;<\/span><\/a><\/p>\n","protected":false},"author":2,"featured_media":0,"comment_status":"closed","ping_status":"closed","sticky":false,"template":"","format":"standard","meta":{"footnotes":""},"categories":[3],"tags":[],"class_list":["post-1572","post","type-post","status-publish","format-standard","hentry","category-archiv"],"_links":{"self":[{"href":"https:\/\/bielefelder-friedensini.de\/index.php?rest_route=\/wp\/v2\/posts\/1572","targetHints":{"allow":["GET"]}}],"collection":[{"href":"https:\/\/bielefelder-friedensini.de\/index.php?rest_route=\/wp\/v2\/posts"}],"about":[{"href":"https:\/\/bielefelder-friedensini.de\/index.php?rest_route=\/wp\/v2\/types\/post"}],"author":[{"embeddable":true,"href":"https:\/\/bielefelder-friedensini.de\/index.php?rest_route=\/wp\/v2\/users\/2"}],"replies":[{"embeddable":true,"href":"https:\/\/bielefelder-friedensini.de\/index.php?rest_route=%2Fwp%2Fv2%2Fcomments&post=1572"}],"version-history":[{"count":2,"href":"https:\/\/bielefelder-friedensini.de\/index.php?rest_route=\/wp\/v2\/posts\/1572\/revisions"}],"predecessor-version":[{"id":1603,"href":"https:\/\/bielefelder-friedensini.de\/index.php?rest_route=\/wp\/v2\/posts\/1572\/revisions\/1603"}],"wp:attachment":[{"href":"https:\/\/bielefelder-friedensini.de\/index.php?rest_route=%2Fwp%2Fv2%2Fmedia&parent=1572"}],"wp:term":[{"taxonomy":"category","embeddable":true,"href":"https:\/\/bielefelder-friedensini.de\/index.php?rest_route=%2Fwp%2Fv2%2Fcategories&post=1572"},{"taxonomy":"post_tag","embeddable":true,"href":"https:\/\/bielefelder-friedensini.de\/index.php?rest_route=%2Fwp%2Fv2%2Ftags&post=1572"}],"curies":[{"name":"wp","href":"https:\/\/api.w.org\/{rel}","templated":true}]}}