{"id":178,"date":"2015-07-02T11:04:12","date_gmt":"2015-07-02T09:04:12","guid":{"rendered":"http:\/\/bielefelder-friedensini.de\/?p=178"},"modified":"2015-11-03T01:09:47","modified_gmt":"2015-11-02T23:09:47","slug":"mahn-und-gedenkveranstaltung-in-stukenbrock","status":"publish","type":"post","link":"https:\/\/bielefelder-friedensini.de\/?p=178","title":{"rendered":"Mahn- und Gedenkveranstaltung in Stukenbrock"},"content":{"rendered":"<p><strong>5. September 2015<\/strong>, Sowjetischer Soldatenfriedhof Stukenbrock, Senner Stra\u00dfe<br \/>\n<strong>14.00 Uhr:<\/strong> Friedhofsf\u00fchrungen<br \/>\n<strong>15.00 Uhr:<\/strong> Kranzniederlegung<br \/>\nanschlie\u00dfend Gedenkansprache von <strong>Hans Coppi<\/strong> (Vorsitzender der VVN BdA Berlin)<\/p>\n<p>\u201eUND SORGET IHR, DIE IHR NOCH IM LEBEN STEHT, DASS FRIEDEN BLEIBT, FRIEDEN ZWISCHEN DEN MENSCHEN, FRIEDEN ZWISCHEN DEN V\u00d6LKERN\u201c<br \/>\nDiese Mahnung wurde in Stein gemei\u00dfelt auf dem sowjetischen Soldatenfriedhof in Stukenbrock.<br \/>\nVor siebzig Jahren wurde Europa von den Soldaten der Sowjetunion und deren westlichen Verb\u00fcndeten vom Faschismus befreit. Dreizehn Millionen Soldaten und 14 Millionen Zivilpersonen der Sowjetunion, Frauen, Kinder und Rentner, verloren in diesem Krieg ihr Leben. Dazu geh\u00f6rten auch die 65.000 Kriegsgefangenen, die im Lager Stukenbrock zu Tode gequ\u00e4lt wurden&#8230;<\/p>\n<p><a href=\"http:\/\/www.blumen-fuer-stukenbrock.de\/veranstaltung\/aufruf_zur_mahn-_und_gedenkveranstaltung_am_5_september_2015_stukenbrock\">vollst\u00e4ndiger Aufruf auf der Webseite vom Arbeitskreis BLUMEN F\u00dcR STUKENBROCK e.V.<\/a><\/p>\n","protected":false},"excerpt":{"rendered":"<p>5. September 2015, Sowjetischer Soldatenfriedhof Stukenbrock, Senner Stra\u00dfe 14.00 Uhr: Friedhofsf\u00fchrungen 15.00 Uhr: Kranzniederlegung anschlie\u00dfend Gedenkansprache von Hans Coppi (Vorsitzender der VVN BdA Berlin) \u201eUND SORGET IHR, DIE IHR NOCH IM LEBEN STEHT, DASS FRIEDEN BLEIBT, FRIEDEN ZWISCHEN DEN MENSCHEN, FRIEDEN ZWISCHEN DEN V\u00d6LKERN\u201c Diese Mahnung wurde in Stein gemei\u00dfelt auf dem sowjetischen Soldatenfriedhof in &hellip; <a href=\"https:\/\/bielefelder-friedensini.de\/?p=178\" class=\"more-link\"><span class=\"screen-reader-text\">Mahn- und Gedenkveranstaltung in Stukenbrock<\/span> weiterlesen <span class=\"meta-nav\">&rarr;<\/span><\/a><\/p>\n","protected":false},"author":1,"featured_media":0,"comment_status":"closed","ping_status":"closed","sticky":false,"template":"","format":"standard","meta":{"footnotes":""},"categories":[3],"tags":[],"class_list":["post-178","post","type-post","status-publish","format-standard","hentry","category-archiv"],"_links":{"self":[{"href":"https:\/\/bielefelder-friedensini.de\/index.php?rest_route=\/wp\/v2\/posts\/178","targetHints":{"allow":["GET"]}}],"collection":[{"href":"https:\/\/bielefelder-friedensini.de\/index.php?rest_route=\/wp\/v2\/posts"}],"about":[{"href":"https:\/\/bielefelder-friedensini.de\/index.php?rest_route=\/wp\/v2\/types\/post"}],"author":[{"embeddable":true,"href":"https:\/\/bielefelder-friedensini.de\/index.php?rest_route=\/wp\/v2\/users\/1"}],"replies":[{"embeddable":true,"href":"https:\/\/bielefelder-friedensini.de\/index.php?rest_route=%2Fwp%2Fv2%2Fcomments&post=178"}],"version-history":[{"count":6,"href":"https:\/\/bielefelder-friedensini.de\/index.php?rest_route=\/wp\/v2\/posts\/178\/revisions"}],"predecessor-version":[{"id":185,"href":"https:\/\/bielefelder-friedensini.de\/index.php?rest_route=\/wp\/v2\/posts\/178\/revisions\/185"}],"wp:attachment":[{"href":"https:\/\/bielefelder-friedensini.de\/index.php?rest_route=%2Fwp%2Fv2%2Fmedia&parent=178"}],"wp:term":[{"taxonomy":"category","embeddable":true,"href":"https:\/\/bielefelder-friedensini.de\/index.php?rest_route=%2Fwp%2Fv2%2Fcategories&post=178"},{"taxonomy":"post_tag","embeddable":true,"href":"https:\/\/bielefelder-friedensini.de\/index.php?rest_route=%2Fwp%2Fv2%2Ftags&post=178"}],"curies":[{"name":"wp","href":"https:\/\/api.w.org\/{rel}","templated":true}]}}