{"id":1896,"date":"2022-07-23T12:03:46","date_gmt":"2022-07-23T10:03:46","guid":{"rendered":"https:\/\/bielefelder-friedensini.de\/?p=1896"},"modified":"2022-07-30T22:59:14","modified_gmt":"2022-07-30T20:59:14","slug":"menschen-ueber-profite-demonstration-und-strassenfest","status":"publish","type":"post","link":"https:\/\/bielefelder-friedensini.de\/?p=1896","title":{"rendered":"Menschen \u00fcber Profite \u2013 Demonstration und Stra\u00dfenfest"},"content":{"rendered":"\n<p style=\"font-size:30px\">Demo &#8211; Stra\u00dfenfest &#8211; &#8222;K\u00fcche f\u00fcr alle&#8220;<\/p>\n\n\n\n<figure class=\"wp-block-image size-full is-style-default\"><a href=\"https:\/\/bielefelder-friedensini.de\/wp-content\/uploads\/2022\/07\/IMG_20220718_105107-676x642-1.jpg\"><img loading=\"lazy\" decoding=\"async\" width=\"676\" height=\"642\" src=\"https:\/\/bielefelder-friedensini.de\/wp-content\/uploads\/2022\/07\/IMG_20220718_105107-676x642-1.jpg\" alt=\"\" class=\"wp-image-1897\" srcset=\"https:\/\/bielefelder-friedensini.de\/wp-content\/uploads\/2022\/07\/IMG_20220718_105107-676x642-1.jpg 676w, https:\/\/bielefelder-friedensini.de\/wp-content\/uploads\/2022\/07\/IMG_20220718_105107-676x642-1-300x285.jpg 300w\" sizes=\"auto, (max-width: 676px) 100vw, 676px\" \/><\/a><\/figure>\n\n\n\n<p>Der Weg in den Supermarkt war noch nie so frustrierend wie aktuell. Gef\u00fchlt k\u00f6nnen wir den Preisen beim Steigen zuschauen. Auf der anderen Seite unser Einkommen, das irgendwie von Inflation gar nichts zu merken scheint. Wo landet das Geld, das wir mehr zahlen, das aber nicht wieder bei uns ankommt?<\/p>\n\n\n\n<p>Im vergangen Jahr haben deutsche Konzerne einen neuen Rekord aufgestellt: Die Aussch\u00fcttung von Dividende an ihre Aktion\u00e4r*innen war so hoch wie noch nie. F\u00fcr das Jahr 2022 wird je nach Prognose nochmal von 50% mehr ausgegangen. Trotz Corona und Krieg geht es den Konzernen offenbar blendend. Dank uns.<\/p>\n\n\n\n<p>Damit die saftigen Profite auch weiterhin so bleiben, hat beispielsweise Dr. Oetker bereits weitere Preissteigerungen angek\u00fcndigt. Und ist damit nicht alleine. Die Bundesregierung \u00e4ndert nun Gesetze, damit Energiekonzerne ihre Mehrausgaben auf uns auslagern. Die Mehreinnahmen bleiben selbstverst\u00e4ndlich bei den Konzernen. <\/p>\n\n\n\n<p>Steigen unsere monatlichen Kosten also aus Solidarit\u00e4t mit den Menschen in der Ukraine? Sicher nicht. Wir m\u00fcssen blechen, damit auf Aktion\u00e4rsversammlungen weiterhin der Schampus flie\u00dft.<\/p>\n\n\n\n<p>Hoffnungen in ein 100 Mrd. Sonderbudget f\u00fcr UNS wurden von der aktuellen Regierung bereits beantwortet. Wirtschaftsminister Robert Habeck sagt: \u201eDie kriegst du nicht, Alter!\u201c. W\u00e4hrend die Abgeordneten sich eine Di\u00e4tenerh\u00f6hung g\u00f6nnen, l\u00e4uft es bei uns also auf klassische Di\u00e4ten hinaus. Niemand hat uns gefragt, ob wir \u00fcberhaupt f\u00fcr Konzernprofite und Rekord-Dividenden sorgen wollen, aber dass wir den G\u00fcrtel enger schnallen m\u00fcssen, wurde bereits entschieden.<\/p>\n\n\n\n<p>Wir haben keine Lust auf Di\u00e4t oder vorgegebene Duschzeiten! Wir wollen im Winter nicht frieren und daf\u00fcr trotzdem mehr zahlen! Wir wollen uns Allen das Leben leisten k\u00f6nnen und nicht Wenigen ihren \u00dcberfluss!<\/p>\n\n\n\n<p>Unsere Solidarit\u00e4t gilt nicht den Aktion\u00e4r*innen, sondern allen, die unter den steigenden Preisen leiden. Sie gilt nicht den R\u00fcstungskonzernen, sondern den Menschen, die vor Krieg und Hunger fliehen, egal wo.<\/p>\n\n\n\n<p>Kommt am 30.07.22 um 15 Uhr zur Demonstration am Hauptbahnhof und ab 17 Uhr zum Stra\u00dfenfest auf dem Kesselbrink. Es gibt \u201eK\u00fcche f\u00fcr alle\u201c, niemand muss zahlen!<\/p>\n\n\n\n<p><\/p>\n","protected":false},"excerpt":{"rendered":"<p>Demo &#8211; Stra\u00dfenfest &#8211; &#8222;K\u00fcche f\u00fcr alle&#8220; Der Weg in den Supermarkt war noch nie so frustrierend wie aktuell. Gef\u00fchlt k\u00f6nnen wir den Preisen beim Steigen zuschauen. Auf der anderen Seite unser Einkommen, das irgendwie von Inflation gar nichts zu merken scheint. Wo landet das Geld, das wir mehr zahlen, das aber nicht wieder bei &hellip; <a href=\"https:\/\/bielefelder-friedensini.de\/?p=1896\" class=\"more-link\"><span class=\"screen-reader-text\">Menschen \u00fcber Profite \u2013 Demonstration und Stra\u00dfenfest<\/span> weiterlesen <span class=\"meta-nav\">&rarr;<\/span><\/a><\/p>\n","protected":false},"author":2,"featured_media":0,"comment_status":"closed","ping_status":"closed","sticky":false,"template":"","format":"standard","meta":{"footnotes":""},"categories":[3],"tags":[],"class_list":["post-1896","post","type-post","status-publish","format-standard","hentry","category-archiv"],"_links":{"self":[{"href":"https:\/\/bielefelder-friedensini.de\/index.php?rest_route=\/wp\/v2\/posts\/1896","targetHints":{"allow":["GET"]}}],"collection":[{"href":"https:\/\/bielefelder-friedensini.de\/index.php?rest_route=\/wp\/v2\/posts"}],"about":[{"href":"https:\/\/bielefelder-friedensini.de\/index.php?rest_route=\/wp\/v2\/types\/post"}],"author":[{"embeddable":true,"href":"https:\/\/bielefelder-friedensini.de\/index.php?rest_route=\/wp\/v2\/users\/2"}],"replies":[{"embeddable":true,"href":"https:\/\/bielefelder-friedensini.de\/index.php?rest_route=%2Fwp%2Fv2%2Fcomments&post=1896"}],"version-history":[{"count":1,"href":"https:\/\/bielefelder-friedensini.de\/index.php?rest_route=\/wp\/v2\/posts\/1896\/revisions"}],"predecessor-version":[{"id":1898,"href":"https:\/\/bielefelder-friedensini.de\/index.php?rest_route=\/wp\/v2\/posts\/1896\/revisions\/1898"}],"wp:attachment":[{"href":"https:\/\/bielefelder-friedensini.de\/index.php?rest_route=%2Fwp%2Fv2%2Fmedia&parent=1896"}],"wp:term":[{"taxonomy":"category","embeddable":true,"href":"https:\/\/bielefelder-friedensini.de\/index.php?rest_route=%2Fwp%2Fv2%2Fcategories&post=1896"},{"taxonomy":"post_tag","embeddable":true,"href":"https:\/\/bielefelder-friedensini.de\/index.php?rest_route=%2Fwp%2Fv2%2Ftags&post=1896"}],"curies":[{"name":"wp","href":"https:\/\/api.w.org\/{rel}","templated":true}]}}