{"id":1950,"date":"2022-08-30T21:56:50","date_gmt":"2022-08-30T19:56:50","guid":{"rendered":"https:\/\/bielefelder-friedensini.de\/?p=1950"},"modified":"2022-08-30T21:56:50","modified_gmt":"2022-08-30T19:56:50","slug":"einladung-zum-planungs-und-vernetzungstreffen","status":"publish","type":"post","link":"https:\/\/bielefelder-friedensini.de\/?p=1950","title":{"rendered":"Einladung zum Planungs- und Vernetzungstreffen"},"content":{"rendered":"\n<p><strong>Einladung zum Planungs- und Vernetzungstreffen<\/strong><\/p>\n\n\n\n<p><br>F\u00fcr die Gestaltung des dezentralen Aktionstages der Friedensbewegung am 1. Oktober:<br>Keinen Euro f\u00fcr Krieg und Zerst\u00f6rung!<br>Statt dessen Milliarden f\u00fcr eine soziale, gerechte und \u00f6kologische Friedenspolitik!<br>Stoppt den Krieg!<br>Verhandeln statt Schie\u00dfen!<\/p>\n\n\n\n<p><br>Wir m\u00f6chten dem Aufruf der Friedenskooperative und dem Bundesausschuss Friedensratschlag folgen und in Bielefeld mit m\u00f6glichst vielen Gruppen\/Organisationen ein wirkungsvolles Signal f\u00fcr Frieden und Abr\u00fcstung setzen. <\/p>\n\n\n\n<p>Dazu laden wir ein zu einem ersten Treffen:<br>Am Montag, 5. September 19.00 Uhr<br>Ver.di Gesch\u00e4ftsstelle Bielefeld<br>Oelm\u00fchlenstra\u00dfe 57<br>33604 Bielefeld<br>Tagesordnung:<\/p>\n\n\n\n<ol class=\"wp-block-list\"><li>Ziele des Aktionstages und bisherige Planung zum Aktionstag in Bielefeld<\/li><li>Interessierte Akteure<\/li><li>Aktionsplanung: Was wollen wir machen?<\/li><li>Verabredungen<\/li><li>Verschiedenes<br><\/li><\/ol>\n\n\n\n<p>Wir freuen uns auf breites Interesse.<br>Falls Ihr Interesse habt, aber zu diesem Termin nicht k\u00f6nnt, meldet Euch bitte. Dann k\u00f6nnen wir Euch informieren und Eure Vorschl\u00e4ge einbringen.<br>Gru\u00df Monika Greve<br>Kontakt: kontakt@bielefelder-friedensini.de oder monikagreve@online.de<\/p>\n","protected":false},"excerpt":{"rendered":"<p>Einladung zum Planungs- und Vernetzungstreffen F\u00fcr die Gestaltung des dezentralen Aktionstages der Friedensbewegung am 1. Oktober:Keinen Euro f\u00fcr Krieg und Zerst\u00f6rung!Statt dessen Milliarden f\u00fcr eine soziale, gerechte und \u00f6kologische Friedenspolitik!Stoppt den Krieg!Verhandeln statt Schie\u00dfen! Wir m\u00f6chten dem Aufruf der Friedenskooperative und dem Bundesausschuss Friedensratschlag folgen und in Bielefeld mit m\u00f6glichst vielen Gruppen\/Organisationen ein wirkungsvolles Signal &hellip; <a href=\"https:\/\/bielefelder-friedensini.de\/?p=1950\" class=\"more-link\"><span class=\"screen-reader-text\">Einladung zum Planungs- und Vernetzungstreffen<\/span> weiterlesen <span class=\"meta-nav\">&rarr;<\/span><\/a><\/p>\n","protected":false},"author":2,"featured_media":0,"comment_status":"closed","ping_status":"closed","sticky":false,"template":"","format":"standard","meta":{"footnotes":""},"categories":[1],"tags":[],"class_list":["post-1950","post","type-post","status-publish","format-standard","hentry","category-aktuelles"],"_links":{"self":[{"href":"https:\/\/bielefelder-friedensini.de\/index.php?rest_route=\/wp\/v2\/posts\/1950","targetHints":{"allow":["GET"]}}],"collection":[{"href":"https:\/\/bielefelder-friedensini.de\/index.php?rest_route=\/wp\/v2\/posts"}],"about":[{"href":"https:\/\/bielefelder-friedensini.de\/index.php?rest_route=\/wp\/v2\/types\/post"}],"author":[{"embeddable":true,"href":"https:\/\/bielefelder-friedensini.de\/index.php?rest_route=\/wp\/v2\/users\/2"}],"replies":[{"embeddable":true,"href":"https:\/\/bielefelder-friedensini.de\/index.php?rest_route=%2Fwp%2Fv2%2Fcomments&post=1950"}],"version-history":[{"count":1,"href":"https:\/\/bielefelder-friedensini.de\/index.php?rest_route=\/wp\/v2\/posts\/1950\/revisions"}],"predecessor-version":[{"id":1951,"href":"https:\/\/bielefelder-friedensini.de\/index.php?rest_route=\/wp\/v2\/posts\/1950\/revisions\/1951"}],"wp:attachment":[{"href":"https:\/\/bielefelder-friedensini.de\/index.php?rest_route=%2Fwp%2Fv2%2Fmedia&parent=1950"}],"wp:term":[{"taxonomy":"category","embeddable":true,"href":"https:\/\/bielefelder-friedensini.de\/index.php?rest_route=%2Fwp%2Fv2%2Fcategories&post=1950"},{"taxonomy":"post_tag","embeddable":true,"href":"https:\/\/bielefelder-friedensini.de\/index.php?rest_route=%2Fwp%2Fv2%2Ftags&post=1950"}],"curies":[{"name":"wp","href":"https:\/\/api.w.org\/{rel}","templated":true}]}}