{"id":196,"date":"2015-11-02T23:07:28","date_gmt":"2015-11-02T21:07:28","guid":{"rendered":"http:\/\/bielefelder-friedensini.de\/?p=196"},"modified":"2015-12-01T23:14:17","modified_gmt":"2015-12-01T21:14:17","slug":"wohin-steuert-die-tuerkei","status":"publish","type":"post","link":"https:\/\/bielefelder-friedensini.de\/?p=196","title":{"rendered":"Wohin steuert die T\u00fcrkei?"},"content":{"rendered":"<h3>Berichte aus Diyarbakir, Nusaybin, Cizre, Silva und Mardin<\/h3>\n<p style=\"text-align: center;\"><em>Dr. Angelika Clau\u00dfen (IPPNW-Internationale \u00c4rzte f\u00fcr die Verh\u00fctung des Atomkrieges)<\/em><br \/>\n<em>Inge H\u00f6ger (MdB, DIE LINKE)<\/em><br \/>\n<em>D\u00fczg\u00fcn Altun (DIDF-F\u00f6deration Demokratischer Arbeitervereine)<\/em><\/p>\n<p style=\"text-align: justify;\">Freitag, <strong>6. November 2015,<\/strong> 19 Uhr, Volkshochschule Bielefeld, Murnau Saal, Ravensberger Park 1, 33607 Bielefeld<\/p>\n<p style=\"text-align: justify;\">Seit der politischen Niederlage des t\u00fcrkischen Pr\u00e4sidenten Erdogan und seiner AKP bei den Parlamentswahlen am 7.Juni hat die Gewalt gegen die Kurden, gegen die demokratische Opposition und gegen die Friedens- und Gewerkschaftsbewegung massiv zugenommen.<\/p>\n<p style=\"text-align: justify;\">Allein bei einer Friedensdemonstration in Ankara am 10.10.2015 starben \u00fcber 120 Menschen durch 2 Bombenanschl\u00e4ge, \u00fcber 500 wurden verletzt. In Cizre und auch in anderen Orten im kurdischen Teil der T\u00fcrkei vernichtet das t\u00fcrkische Milit\u00e4r systematisch die Lebensgrundlagen der Bev\u00f6lkerung wie die Wasserversorgung, den Zugang zu Strom, zu Lebensmitteln und zu \u00e4rztlicher Versorgung.<\/p>\n<p style=\"text-align: justify;\">Vom 4. Bis zum 7. Oktober hat eine Delegation aus Parlamentar*innen, Journalist*innen und Gewerkschafter*innen aus Deutschland, den Niederlanden und \u00d6sterreich Gebiete im S\u00fcdosten der T\u00fcrkei bereist. Sie besuchten die kurdischen St\u00e4dte, in denen sich die gr\u00f6\u00dften Konflikte ereigneten. Dr. Angelika Clau\u00dfen, Inge H\u00f6ger und D\u00fczg\u00fcn Altun waren Teil dieser Delegation.<\/p>\n<p style=\"text-align: justify;\">Auf dieser Informations\u2013 und Diskussionsveranstaltung werden sie \u00fcber ihre Eindr\u00fccke berichten. Gemeinsam wollen wir den folgenden Fragen nachgehen:<\/p>\n<ul>\n<li>Wer tr\u00e4gt die politische Verantwortung f\u00fcr die Anschl\u00e4ge und \u00dcbergriffe in Diyarbakir, Suruc und Ankara?<\/li>\n<li>Wie ist die Beendigung des Friedensprozesses zwischen der t\u00fcrkischen Regierung und der PKK im Sommer zu erkl\u00e4ren?<\/li>\n<li>Gibt es M\u00f6glichkeiten f\u00fcr eine erneute Aufnahme des Friedenprozesses?<\/li>\n<li>Ist die T\u00fcrkei der geeignete Partner in der Fl\u00fcchtlingspolitik?<\/li>\n<li>Ist die T\u00fcrkei ein sicheres Herkunftsland?<\/li>\n<li>Wie kann eine Solidarit\u00e4t mit der Friedensbewegung in der T\u00fcrkei aussehen?<\/li>\n<li>Was m\u00fcssen demokratische Kr\u00e4fte von der Bundesregierung fordern?<\/li>\n<li>Wie gestaltet sich die politische Situation in der T\u00fcrkei jetzt nach der Wahl?<\/li>\n<\/ul>\n<p><strong>Veranstalter*innen: Friedensinitiative Bielefeld, DIDF-Bielefeld, DIE LINKE Bielefeld, IPPNW,<\/strong> <strong>DKP, Arbeitskreis BLUMEN F\u00dcR STUKENBROCK<\/strong><\/p>\n<p><a href=\"http:\/\/bielefelder-friedensini.de\/wp-content\/uploads\/2015\/11\/Wohin_steuert_die_Tuerkei__web.pdf\">Flyer: Wohin_steuert_die_Tuerkei__web.pdf (95 KB)<\/a><\/p>\n","protected":false},"excerpt":{"rendered":"<p>Berichte aus Diyarbakir, Nusaybin, Cizre, Silva und Mardin Dr. Angelika Clau\u00dfen (IPPNW-Internationale \u00c4rzte f\u00fcr die Verh\u00fctung des Atomkrieges) Inge H\u00f6ger (MdB, DIE LINKE) D\u00fczg\u00fcn Altun (DIDF-F\u00f6deration Demokratischer Arbeitervereine) Freitag, 6. November 2015, 19 Uhr, Volkshochschule Bielefeld, Murnau Saal, Ravensberger Park 1, 33607 Bielefeld Seit der politischen Niederlage des t\u00fcrkischen Pr\u00e4sidenten Erdogan und seiner AKP bei &hellip; <a href=\"https:\/\/bielefelder-friedensini.de\/?p=196\" class=\"more-link\"><span class=\"screen-reader-text\">Wohin steuert die T\u00fcrkei?<\/span> weiterlesen <span class=\"meta-nav\">&rarr;<\/span><\/a><\/p>\n","protected":false},"author":1,"featured_media":0,"comment_status":"closed","ping_status":"closed","sticky":false,"template":"","format":"standard","meta":{"footnotes":""},"categories":[3],"tags":[],"class_list":["post-196","post","type-post","status-publish","format-standard","hentry","category-archiv"],"_links":{"self":[{"href":"https:\/\/bielefelder-friedensini.de\/index.php?rest_route=\/wp\/v2\/posts\/196","targetHints":{"allow":["GET"]}}],"collection":[{"href":"https:\/\/bielefelder-friedensini.de\/index.php?rest_route=\/wp\/v2\/posts"}],"about":[{"href":"https:\/\/bielefelder-friedensini.de\/index.php?rest_route=\/wp\/v2\/types\/post"}],"author":[{"embeddable":true,"href":"https:\/\/bielefelder-friedensini.de\/index.php?rest_route=\/wp\/v2\/users\/1"}],"replies":[{"embeddable":true,"href":"https:\/\/bielefelder-friedensini.de\/index.php?rest_route=%2Fwp%2Fv2%2Fcomments&post=196"}],"version-history":[{"count":9,"href":"https:\/\/bielefelder-friedensini.de\/index.php?rest_route=\/wp\/v2\/posts\/196\/revisions"}],"predecessor-version":[{"id":206,"href":"https:\/\/bielefelder-friedensini.de\/index.php?rest_route=\/wp\/v2\/posts\/196\/revisions\/206"}],"wp:attachment":[{"href":"https:\/\/bielefelder-friedensini.de\/index.php?rest_route=%2Fwp%2Fv2%2Fmedia&parent=196"}],"wp:term":[{"taxonomy":"category","embeddable":true,"href":"https:\/\/bielefelder-friedensini.de\/index.php?rest_route=%2Fwp%2Fv2%2Fcategories&post=196"},{"taxonomy":"post_tag","embeddable":true,"href":"https:\/\/bielefelder-friedensini.de\/index.php?rest_route=%2Fwp%2Fv2%2Ftags&post=196"}],"curies":[{"name":"wp","href":"https:\/\/api.w.org\/{rel}","templated":true}]}}