{"id":1995,"date":"2022-10-13T20:02:44","date_gmt":"2022-10-13T18:02:44","guid":{"rendered":"https:\/\/bielefelder-friedensini.de\/?p=1995"},"modified":"2022-10-13T20:02:44","modified_gmt":"2022-10-13T18:02:44","slug":"aktionen-im-oktober","status":"publish","type":"post","link":"https:\/\/bielefelder-friedensini.de\/?p=1995","title":{"rendered":"Aktionen im Oktober"},"content":{"rendered":"\n<h2 class=\"wp-block-heading\">&#8222;Solidarit\u00e4t mit den Protesten im Iran&#8220;<\/h2>\n\n\n\n<p>14. Oktober 2022 18:00 Uhr<br><a target=\"_blank\" href=\"https:\/\/www.dielinke-guetersloh.de\/termine\/detail\/default-0db24d9a78\/#location\" rel=\"noreferrer noopener\">Bielefeld Rathaus<\/a> &nbsp;\/&nbsp; Gruppe Antinationale Linke Bielefeld (ALIBI)<\/p>\n\n\n\n<h2 class=\"wp-block-heading\">Genug ist Genug! Kundgebung und K\u00fcche f\u00fcr alle!<\/h2>\n\n\n\n<p>15. Oktober 2022 18:00 Uhr<br><a target=\"_blank\" href=\"https:\/\/www.dielinke-guetersloh.de\/termine\/detail\/default-c3085a8aad\/#location\" rel=\"noreferrer noopener\">Kesselbrink Bielefeld<\/a> &nbsp;\/&nbsp; B\u00fcndnis &#8222;Genug ist Genug&#8220;<\/p>\n\n\n\n<p>Am Samstag findet die erste Aktion des neugegr\u00fcndeten B\u00fcndnisses Genug ist Genug in Bielefeld statt.<\/p>\n\n\n\n<p>Wir wollen gemeinsam gegen steigende Inflation, f\u00fcr h\u00f6here L\u00f6hne und f\u00fcr eine soziale L\u00f6sung der momentanen Krise demonstrieren. Auf der Kundgebung wird es neben verschiedenen inhaltlichen Reden auch eine K\u00fcFa (K\u00fcche f\u00fcr Alle) geben. Bringt daf\u00fcr wenn m\u00f6glich bitte eigenes Geschirr mit!<\/p>\n\n\n\n<p>Sagt euren Freund*innen, Nachbar*innen, Bekannten und Arbeitskolleg*innen Bescheid und kommt zahlreich vorbei!<\/p>\n\n\n\n<h2 class=\"wp-block-heading\">Solidarisch durch die Krise<\/h2>\n\n\n\n<p>22. Oktober 2022 12:00 Uhr<br><a target=\"_blank\" href=\"https:\/\/www.dielinke-guetersloh.de\/termine\/detail\/default-aadec6600f\/#location\" rel=\"noreferrer noopener\">D\u00fcsseldorf Friedrich-Ebert-Str.34<\/a> &nbsp;\/&nbsp; IG Bau &#8211; verdi &#8211; NGG<\/p>\n\n\n\n<p>Abfahrtszeiten der Busse:<\/p>\n\n\n\n<p>1. Paderborn, Maspernplatz: 7:30 Uhr<\/p>\n\n\n\n<p>2. Bielefeld, Kesselbrink: 7:30 Uhr<\/p>\n\n\n\n<p>3. Minden, Kanzlersweide: 7:00 Uhr<\/p>\n\n\n\n<p>4. Detmold, Bahnhofvorplatz: 7:30 Uhr<\/p>\n\n\n\n<p>Anmeldungen bitte per e-mail an bz.owl@verdi.de oder telefonisch unter 0521-98627-112. Meldet euch bitte bis zum 14.10. verbindlich an, damit wir, falls notwendig noch Busse nachbestellen k\u00f6nnen.<\/p>\n\n\n\n<p>F\u00fcr Gewerkschaftsmitglieder ist die Busfahrt kostenfrei. B\u00fcndnispartner:innen k\u00f6nnen ebenfalls mit unseren Bussen fahren, die Kosten werden den jeweiligen Organisationen in Rechnung gestellt (20\u20ac pro Person\/Hin- und R\u00fcckfahrt).<\/p>\n\n\n\n<p>Weitere Informationen unter: <a target=\"_blank\" href=\"https:\/\/www.solidarischer-herbst.de\/\" rel=\"noreferrer noopener\">www.solidarischer-herbst.de<\/a><\/p>\n","protected":false},"excerpt":{"rendered":"<p>&#8222;Solidarit\u00e4t mit den Protesten im Iran&#8220; 14. Oktober 2022 18:00 UhrBielefeld Rathaus &nbsp;\/&nbsp; Gruppe Antinationale Linke Bielefeld (ALIBI) Genug ist Genug! Kundgebung und K\u00fcche f\u00fcr alle! 15. Oktober 2022 18:00 UhrKesselbrink Bielefeld &nbsp;\/&nbsp; B\u00fcndnis &#8222;Genug ist Genug&#8220; Am Samstag findet die erste Aktion des neugegr\u00fcndeten B\u00fcndnisses Genug ist Genug in Bielefeld statt. Wir wollen gemeinsam &hellip; <a href=\"https:\/\/bielefelder-friedensini.de\/?p=1995\" class=\"more-link\"><span class=\"screen-reader-text\">Aktionen im Oktober<\/span> weiterlesen <span class=\"meta-nav\">&rarr;<\/span><\/a><\/p>\n","protected":false},"author":2,"featured_media":0,"comment_status":"closed","ping_status":"closed","sticky":false,"template":"","format":"standard","meta":{"footnotes":""},"categories":[1],"tags":[],"class_list":["post-1995","post","type-post","status-publish","format-standard","hentry","category-aktuelles"],"_links":{"self":[{"href":"https:\/\/bielefelder-friedensini.de\/index.php?rest_route=\/wp\/v2\/posts\/1995","targetHints":{"allow":["GET"]}}],"collection":[{"href":"https:\/\/bielefelder-friedensini.de\/index.php?rest_route=\/wp\/v2\/posts"}],"about":[{"href":"https:\/\/bielefelder-friedensini.de\/index.php?rest_route=\/wp\/v2\/types\/post"}],"author":[{"embeddable":true,"href":"https:\/\/bielefelder-friedensini.de\/index.php?rest_route=\/wp\/v2\/users\/2"}],"replies":[{"embeddable":true,"href":"https:\/\/bielefelder-friedensini.de\/index.php?rest_route=%2Fwp%2Fv2%2Fcomments&post=1995"}],"version-history":[{"count":1,"href":"https:\/\/bielefelder-friedensini.de\/index.php?rest_route=\/wp\/v2\/posts\/1995\/revisions"}],"predecessor-version":[{"id":1996,"href":"https:\/\/bielefelder-friedensini.de\/index.php?rest_route=\/wp\/v2\/posts\/1995\/revisions\/1996"}],"wp:attachment":[{"href":"https:\/\/bielefelder-friedensini.de\/index.php?rest_route=%2Fwp%2Fv2%2Fmedia&parent=1995"}],"wp:term":[{"taxonomy":"category","embeddable":true,"href":"https:\/\/bielefelder-friedensini.de\/index.php?rest_route=%2Fwp%2Fv2%2Fcategories&post=1995"},{"taxonomy":"post_tag","embeddable":true,"href":"https:\/\/bielefelder-friedensini.de\/index.php?rest_route=%2Fwp%2Fv2%2Ftags&post=1995"}],"curies":[{"name":"wp","href":"https:\/\/api.w.org\/{rel}","templated":true}]}}