{"id":2017,"date":"2023-01-12T20:25:36","date_gmt":"2023-01-12T18:25:36","guid":{"rendered":"https:\/\/bielefelder-friedensini.de\/?p=2017"},"modified":"2023-01-12T20:25:36","modified_gmt":"2023-01-12T18:25:36","slug":"gegen-die-raeumung-fuer-kohleausstieg-klimagerechtigkeit","status":"publish","type":"post","link":"https:\/\/bielefelder-friedensini.de\/?p=2017","title":{"rendered":"Gegen die R\u00e4umung \u2013 f\u00fcr Kohleausstieg &#038; Klimagerechtigkeit"},"content":{"rendered":"\n<p><a href=\"https:\/\/www.alle-doerfer-bleiben.de\/demo\/\">Am Sonntag fahren Busse von Bielefeld zur Demo in L\u00fctzerath. Die Fahrt startet um 8:00 Uhr am Hbf Bielefeld und kostet f\u00fcr Hin- &amp; R\u00fccktour 27\u20ac. Weitere Infos (Kontoverbindung) und Anmeldung unter 0176 55173110 bei Anke.<\/a><\/p>\n\n\n\n<figure class=\"wp-block-image size-large\"><a href=\"https:\/\/bielefelder-friedensini.de\/wp-content\/uploads\/2023\/01\/csm_Braunkohle_0c394a66dc.png\"><img loading=\"lazy\" decoding=\"async\" width=\"1024\" height=\"635\" src=\"https:\/\/bielefelder-friedensini.de\/wp-content\/uploads\/2023\/01\/csm_Braunkohle_0c394a66dc-1024x635.png\" alt=\"\" class=\"wp-image-2018\" srcset=\"https:\/\/bielefelder-friedensini.de\/wp-content\/uploads\/2023\/01\/csm_Braunkohle_0c394a66dc-1024x635.png 1024w, https:\/\/bielefelder-friedensini.de\/wp-content\/uploads\/2023\/01\/csm_Braunkohle_0c394a66dc-300x186.png 300w, https:\/\/bielefelder-friedensini.de\/wp-content\/uploads\/2023\/01\/csm_Braunkohle_0c394a66dc-768x476.png 768w, https:\/\/bielefelder-friedensini.de\/wp-content\/uploads\/2023\/01\/csm_Braunkohle_0c394a66dc.png 1079w\" sizes=\"auto, (max-width: 1024px) 100vw, 1024px\" \/><\/a><\/figure>\n","protected":false},"excerpt":{"rendered":"<p>Am Sonntag fahren Busse von Bielefeld zur Demo in L\u00fctzerath. Die Fahrt startet um 8:00 Uhr am Hbf Bielefeld und kostet f\u00fcr Hin- &amp; R\u00fccktour 27\u20ac. Weitere Infos (Kontoverbindung) und Anmeldung unter 0176 55173110 bei Anke.<\/p>\n","protected":false},"author":2,"featured_media":0,"comment_status":"closed","ping_status":"closed","sticky":false,"template":"","format":"standard","meta":{"footnotes":""},"categories":[1],"tags":[],"class_list":["post-2017","post","type-post","status-publish","format-standard","hentry","category-aktuelles"],"_links":{"self":[{"href":"https:\/\/bielefelder-friedensini.de\/index.php?rest_route=\/wp\/v2\/posts\/2017","targetHints":{"allow":["GET"]}}],"collection":[{"href":"https:\/\/bielefelder-friedensini.de\/index.php?rest_route=\/wp\/v2\/posts"}],"about":[{"href":"https:\/\/bielefelder-friedensini.de\/index.php?rest_route=\/wp\/v2\/types\/post"}],"author":[{"embeddable":true,"href":"https:\/\/bielefelder-friedensini.de\/index.php?rest_route=\/wp\/v2\/users\/2"}],"replies":[{"embeddable":true,"href":"https:\/\/bielefelder-friedensini.de\/index.php?rest_route=%2Fwp%2Fv2%2Fcomments&post=2017"}],"version-history":[{"count":1,"href":"https:\/\/bielefelder-friedensini.de\/index.php?rest_route=\/wp\/v2\/posts\/2017\/revisions"}],"predecessor-version":[{"id":2019,"href":"https:\/\/bielefelder-friedensini.de\/index.php?rest_route=\/wp\/v2\/posts\/2017\/revisions\/2019"}],"wp:attachment":[{"href":"https:\/\/bielefelder-friedensini.de\/index.php?rest_route=%2Fwp%2Fv2%2Fmedia&parent=2017"}],"wp:term":[{"taxonomy":"category","embeddable":true,"href":"https:\/\/bielefelder-friedensini.de\/index.php?rest_route=%2Fwp%2Fv2%2Fcategories&post=2017"},{"taxonomy":"post_tag","embeddable":true,"href":"https:\/\/bielefelder-friedensini.de\/index.php?rest_route=%2Fwp%2Fv2%2Ftags&post=2017"}],"curies":[{"name":"wp","href":"https:\/\/api.w.org\/{rel}","templated":true}]}}