{"id":2021,"date":"2023-01-19T23:20:12","date_gmt":"2023-01-19T21:20:12","guid":{"rendered":"https:\/\/bielefelder-friedensini.de\/?p=2021"},"modified":"2023-02-18T21:07:12","modified_gmt":"2023-02-18T19:07:12","slug":"stoppt-den-krieg","status":"publish","type":"post","link":"https:\/\/bielefelder-friedensini.de\/?p=2021","title":{"rendered":"Stoppt den Krieg!"},"content":{"rendered":"\n<p style=\"font-size:24px\">Aktionen gegen den Krieg in OWL<\/p>\n\n\n\n<figure class=\"wp-block-image size-full\"><a href=\"https:\/\/bielefelder-friedensini.de\/wp-content\/uploads\/2023\/01\/image.png\"><img loading=\"lazy\" decoding=\"async\" width=\"707\" height=\"398\" src=\"https:\/\/bielefelder-friedensini.de\/wp-content\/uploads\/2023\/01\/image.png\" alt=\"\" class=\"wp-image-2024\" srcset=\"https:\/\/bielefelder-friedensini.de\/wp-content\/uploads\/2023\/01\/image.png 707w, https:\/\/bielefelder-friedensini.de\/wp-content\/uploads\/2023\/01\/image-300x169.png 300w\" sizes=\"auto, (max-width: 707px) 100vw, 707px\" \/><\/a><\/figure>\n\n\n\n<p>______________________________________________________________________________<\/p>\n\n\n\n<p style=\"font-size:30px\">24. Februar 2023,&nbsp;13:00 Uhr<\/p>\n\n\n\n<p class=\"has-medium-font-size\">Berliner Platz, G\u00fctersloh &#8211;&nbsp;Friedensinitiative G\u00fctersloh<\/p>\n\n\n\n<h2 class=\"wp-block-heading\"><a href=\"https:\/\/www.dielinke-guetersloh.de\/termine\/detail\/default-d58005e219\/\">Mahnwache zum Jahrestag des russischen Angriffskrieges<\/a><\/h2>\n\n\n\n<p class=\"has-medium-font-size\">Stoppt das T\u00f6ten in der Ukraine &#8211; f\u00fcr Waffenstillstand und Verhandlungen!<\/p>\n\n\n\n<p>______________________________________________________________________________<\/p>\n\n\n\n<p style=\"font-size:30px\">25. Februar 2023,&nbsp;13:00 Uhr<\/p>\n\n\n\n<p class=\"has-medium-font-size\">Jahnplatz Bielefeld &#8211;&nbsp;Friedensinitiative Bielefeld\/OWL<\/p>\n\n\n\n<h2 class=\"wp-block-heading\"><a href=\"https:\/\/www.facebook.com\/events\/610519044240804?ref=newsfeed\">Stoppt den Krieg! Waffenstillstand und Verhandlungen ohne Vorbedingungen jetzt!<\/a><\/h2>\n\n\n\n<p class=\"has-medium-font-size\">Jeder Kriegstag in der Ukraine bringt mehr Tote und mehr Zerst\u00f6rung. Die Gefahr einer direkten Konfrontation zwischen NATO und Russland w\u00e4chst bis zur Ausweitung zum Atomkrieg.<\/p>\n","protected":false},"excerpt":{"rendered":"<p>Aktionen gegen den Krieg in OWL ______________________________________________________________________________ 24. Februar 2023,&nbsp;13:00 Uhr Berliner Platz, G\u00fctersloh &#8211;&nbsp;Friedensinitiative G\u00fctersloh Mahnwache zum Jahrestag des russischen Angriffskrieges Stoppt das T\u00f6ten in der Ukraine &#8211; f\u00fcr Waffenstillstand und Verhandlungen! ______________________________________________________________________________ 25. Februar 2023,&nbsp;13:00 Uhr Jahnplatz Bielefeld &#8211;&nbsp;Friedensinitiative Bielefeld\/OWL Stoppt den Krieg! Waffenstillstand und Verhandlungen ohne Vorbedingungen jetzt! Jeder Kriegstag in der &hellip; <a href=\"https:\/\/bielefelder-friedensini.de\/?p=2021\" class=\"more-link\"><span class=\"screen-reader-text\">Stoppt den Krieg!<\/span> weiterlesen <span class=\"meta-nav\">&rarr;<\/span><\/a><\/p>\n","protected":false},"author":2,"featured_media":0,"comment_status":"closed","ping_status":"closed","sticky":false,"template":"","format":"standard","meta":{"footnotes":""},"categories":[1],"tags":[],"class_list":["post-2021","post","type-post","status-publish","format-standard","hentry","category-aktuelles"],"_links":{"self":[{"href":"https:\/\/bielefelder-friedensini.de\/index.php?rest_route=\/wp\/v2\/posts\/2021","targetHints":{"allow":["GET"]}}],"collection":[{"href":"https:\/\/bielefelder-friedensini.de\/index.php?rest_route=\/wp\/v2\/posts"}],"about":[{"href":"https:\/\/bielefelder-friedensini.de\/index.php?rest_route=\/wp\/v2\/types\/post"}],"author":[{"embeddable":true,"href":"https:\/\/bielefelder-friedensini.de\/index.php?rest_route=\/wp\/v2\/users\/2"}],"replies":[{"embeddable":true,"href":"https:\/\/bielefelder-friedensini.de\/index.php?rest_route=%2Fwp%2Fv2%2Fcomments&post=2021"}],"version-history":[{"count":7,"href":"https:\/\/bielefelder-friedensini.de\/index.php?rest_route=\/wp\/v2\/posts\/2021\/revisions"}],"predecessor-version":[{"id":2032,"href":"https:\/\/bielefelder-friedensini.de\/index.php?rest_route=\/wp\/v2\/posts\/2021\/revisions\/2032"}],"wp:attachment":[{"href":"https:\/\/bielefelder-friedensini.de\/index.php?rest_route=%2Fwp%2Fv2%2Fmedia&parent=2021"}],"wp:term":[{"taxonomy":"category","embeddable":true,"href":"https:\/\/bielefelder-friedensini.de\/index.php?rest_route=%2Fwp%2Fv2%2Fcategories&post=2021"},{"taxonomy":"post_tag","embeddable":true,"href":"https:\/\/bielefelder-friedensini.de\/index.php?rest_route=%2Fwp%2Fv2%2Ftags&post=2021"}],"curies":[{"name":"wp","href":"https:\/\/api.w.org\/{rel}","templated":true}]}}