{"id":2047,"date":"2023-02-28T23:54:47","date_gmt":"2023-02-28T21:54:47","guid":{"rendered":"https:\/\/bielefelder-friedensini.de\/?p=2047"},"modified":"2023-04-10T12:08:36","modified_gmt":"2023-04-10T10:08:36","slug":"bielefeld-200-menschen-fordern-waffenstillstand-und-verhandlungen","status":"publish","type":"post","link":"https:\/\/bielefelder-friedensini.de\/?p=2047","title":{"rendered":"Bielefeld: 200 Menschen fordern Waffenstillstand und Verhandlungen"},"content":{"rendered":"\n<div class=\"wp-block-image\"><figure class=\"alignleft size-large\"><a href=\"https:\/\/bielefelder-friedensini.de\/wp-content\/uploads\/2023\/03\/04_100-Mrd.-Waffenstillstand-scaled.jpg\"><img loading=\"lazy\" decoding=\"async\" width=\"1024\" height=\"768\" src=\"https:\/\/bielefelder-friedensini.de\/wp-content\/uploads\/2023\/03\/04_100-Mrd.-Waffenstillstand-1024x768.jpg\" alt=\"\" class=\"wp-image-2080\" srcset=\"https:\/\/bielefelder-friedensini.de\/wp-content\/uploads\/2023\/03\/04_100-Mrd.-Waffenstillstand-1024x768.jpg 1024w, https:\/\/bielefelder-friedensini.de\/wp-content\/uploads\/2023\/03\/04_100-Mrd.-Waffenstillstand-300x225.jpg 300w, https:\/\/bielefelder-friedensini.de\/wp-content\/uploads\/2023\/03\/04_100-Mrd.-Waffenstillstand-768x576.jpg 768w, https:\/\/bielefelder-friedensini.de\/wp-content\/uploads\/2023\/03\/04_100-Mrd.-Waffenstillstand-1536x1152.jpg 1536w, https:\/\/bielefelder-friedensini.de\/wp-content\/uploads\/2023\/03\/04_100-Mrd.-Waffenstillstand-2048x1536.jpg 2048w\" sizes=\"auto, (max-width: 1024px) 100vw, 1024px\" \/><\/a><\/figure><\/div>\n\n\n\n<p>Rund 200 Menschen folgten dem Aufruf der Friedensinitiative Ostwestfalen und forderten einen sofortigen Waffenstillstand und Verhandlungen. Sie sprachen sich auch gegen Waffenlieferungen und weitere Aufr\u00fcstung aus.<\/p>\n\n\n\n<!--more-->\n\n\n\n<div class=\"wp-block-image\"><figure class=\"alignleft size-large is-resized\"><a href=\"https:\/\/bielefelder-friedensini.de\/wp-content\/uploads\/2023\/02\/01_20230225_131037.jpg\"><img loading=\"lazy\" decoding=\"async\" src=\"https:\/\/bielefelder-friedensini.de\/wp-content\/uploads\/2023\/02\/01_20230225_131037-764x1024.jpg\" alt=\"\" class=\"wp-image-2055\" width=\"240\" height=\"320\"\/><\/a><figcaption><a href=\"https:\/\/bielefelder-friedensini.de\/?cat=3\">Monika Greve von der Friedensinitiative er\u00f6ffnete die Kundgebung<\/a><\/figcaption><\/figure><\/div>\n\n\n\n<div class=\"wp-block-image\"><figure class=\"alignleft size-large is-resized\"><a href=\"https:\/\/bielefelder-friedensini.de\/wp-content\/uploads\/2023\/02\/02_20230225_134016.jpg\"><img loading=\"lazy\" decoding=\"async\" src=\"https:\/\/bielefelder-friedensini.de\/wp-content\/uploads\/2023\/02\/02_20230225_134016-894x1024.jpg\" alt=\"\" class=\"wp-image-2056\" width=\"274\" height=\"314\" srcset=\"https:\/\/bielefelder-friedensini.de\/wp-content\/uploads\/2023\/02\/02_20230225_134016-894x1024.jpg 894w, https:\/\/bielefelder-friedensini.de\/wp-content\/uploads\/2023\/02\/02_20230225_134016-262x300.jpg 262w, https:\/\/bielefelder-friedensini.de\/wp-content\/uploads\/2023\/02\/02_20230225_134016-768x880.jpg 768w, https:\/\/bielefelder-friedensini.de\/wp-content\/uploads\/2023\/02\/02_20230225_134016.jpg 1198w\" sizes=\"auto, (max-width: 274px) 100vw, 274px\" \/><\/a><\/figure><\/div>\n\n\n\n<p><\/p>\n\n\n\n<p><\/p>\n\n\n\n<p><\/p>\n\n\n\n<p><\/p>\n\n\n\n<p><\/p>\n\n\n\n<figure class=\"wp-block-image size-large is-resized\"><a href=\"https:\/\/bielefelder-friedensini.de\/wp-content\/uploads\/2023\/03\/09_20230225_131148.jpg\"><img loading=\"lazy\" decoding=\"async\" src=\"https:\/\/bielefelder-friedensini.de\/wp-content\/uploads\/2023\/03\/09_20230225_131148-1024x768.jpg\" alt=\"\" class=\"wp-image-2073\" width=\"445\" height=\"333\" srcset=\"https:\/\/bielefelder-friedensini.de\/wp-content\/uploads\/2023\/03\/09_20230225_131148-1024x768.jpg 1024w, https:\/\/bielefelder-friedensini.de\/wp-content\/uploads\/2023\/03\/09_20230225_131148-300x225.jpg 300w, https:\/\/bielefelder-friedensini.de\/wp-content\/uploads\/2023\/03\/09_20230225_131148-768x576.jpg 768w, https:\/\/bielefelder-friedensini.de\/wp-content\/uploads\/2023\/03\/09_20230225_131148-1536x1151.jpg 1536w, https:\/\/bielefelder-friedensini.de\/wp-content\/uploads\/2023\/03\/09_20230225_131148.jpg 1665w\" sizes=\"auto, (max-width: 445px) 100vw, 445px\" \/><\/a><\/figure>\n\n\n\n<p><\/p>\n\n\n\n<p>Spontan entschied sich der Liedermacher Tett die Kundgebung mit seinem Lied <a href=\"https:\/\/bielefelder-friedensini.de\/?p=2052\">&#8222;Tagtr\u00e4umer&#8220;<\/a> musikalisch zu unterst\u00fctzen.<\/p>\n\n\n\n<div class=\"wp-block-image\"><figure class=\"alignleft size-large is-resized\"><a href=\"https:\/\/bielefelder-friedensini.de\/wp-content\/uploads\/2023\/02\/06_20230225_130523.jpg\"><img loading=\"lazy\" decoding=\"async\" src=\"https:\/\/bielefelder-friedensini.de\/wp-content\/uploads\/2023\/02\/06_20230225_130523-1024x768.jpg\" alt=\"\" class=\"wp-image-2057\" width=\"324\" height=\"243\" srcset=\"https:\/\/bielefelder-friedensini.de\/wp-content\/uploads\/2023\/02\/06_20230225_130523-1024x768.jpg 1024w, https:\/\/bielefelder-friedensini.de\/wp-content\/uploads\/2023\/02\/06_20230225_130523-300x225.jpg 300w, https:\/\/bielefelder-friedensini.de\/wp-content\/uploads\/2023\/02\/06_20230225_130523-768x576.jpg 768w, https:\/\/bielefelder-friedensini.de\/wp-content\/uploads\/2023\/02\/06_20230225_130523-1536x1151.jpg 1536w, https:\/\/bielefelder-friedensini.de\/wp-content\/uploads\/2023\/02\/06_20230225_130523.jpg 1665w\" sizes=\"auto, (max-width: 324px) 100vw, 324px\" \/><\/a><\/figure><\/div>\n\n\n\n<figure class=\"wp-block-image size-large is-resized\"><a href=\"https:\/\/bielefelder-friedensini.de\/wp-content\/uploads\/2023\/02\/05_20230225_135204.jpg\"><img loading=\"lazy\" decoding=\"async\" src=\"https:\/\/bielefelder-friedensini.de\/wp-content\/uploads\/2023\/02\/05_20230225_135204-768x1024.jpg\" alt=\"\" class=\"wp-image-2058\" width=\"283\" height=\"377\" srcset=\"https:\/\/bielefelder-friedensini.de\/wp-content\/uploads\/2023\/02\/05_20230225_135204-768x1025.jpg 768w, https:\/\/bielefelder-friedensini.de\/wp-content\/uploads\/2023\/02\/05_20230225_135204-225x300.jpg 225w, https:\/\/bielefelder-friedensini.de\/wp-content\/uploads\/2023\/02\/05_20230225_135204-1151x1536.jpg 1151w, https:\/\/bielefelder-friedensini.de\/wp-content\/uploads\/2023\/02\/05_20230225_135204.jpg 1248w\" sizes=\"auto, (max-width: 283px) 100vw, 283px\" \/><\/a><\/figure>\n\n\n\n<div class=\"wp-block-image\"><figure class=\"alignleft size-large is-resized\"><a href=\"https:\/\/bielefelder-friedensini.de\/wp-content\/uploads\/2023\/02\/04_20230225_135010.jpg\"><img loading=\"lazy\" decoding=\"async\" src=\"https:\/\/bielefelder-friedensini.de\/wp-content\/uploads\/2023\/02\/04_20230225_135010-768x1024.jpg\" alt=\"\" class=\"wp-image-2059\" width=\"268\" height=\"356\" srcset=\"https:\/\/bielefelder-friedensini.de\/wp-content\/uploads\/2023\/02\/04_20230225_135010-768x1024.jpg 768w, https:\/\/bielefelder-friedensini.de\/wp-content\/uploads\/2023\/02\/04_20230225_135010-225x300.jpg 225w\" sizes=\"auto, (max-width: 268px) 100vw, 268px\" \/><\/a><\/figure><\/div>\n\n\n\n<figure class=\"wp-block-image size-large is-resized\"><a href=\"https:\/\/bielefelder-friedensini.de\/wp-content\/uploads\/2023\/03\/02_Waffenstillstand-und-Verhandlungen-scaled.jpg\"><img loading=\"lazy\" decoding=\"async\" src=\"https:\/\/bielefelder-friedensini.de\/wp-content\/uploads\/2023\/03\/02_Waffenstillstand-und-Verhandlungen-1024x768.jpg\" alt=\"\" class=\"wp-image-2082\" width=\"412\" height=\"308\" srcset=\"https:\/\/bielefelder-friedensini.de\/wp-content\/uploads\/2023\/03\/02_Waffenstillstand-und-Verhandlungen-1024x768.jpg 1024w, https:\/\/bielefelder-friedensini.de\/wp-content\/uploads\/2023\/03\/02_Waffenstillstand-und-Verhandlungen-300x225.jpg 300w, https:\/\/bielefelder-friedensini.de\/wp-content\/uploads\/2023\/03\/02_Waffenstillstand-und-Verhandlungen-768x576.jpg 768w, https:\/\/bielefelder-friedensini.de\/wp-content\/uploads\/2023\/03\/02_Waffenstillstand-und-Verhandlungen-1536x1152.jpg 1536w, https:\/\/bielefelder-friedensini.de\/wp-content\/uploads\/2023\/03\/02_Waffenstillstand-und-Verhandlungen-2048x1536.jpg 2048w\" sizes=\"auto, (max-width: 412px) 100vw, 412px\" \/><\/a><\/figure>\n\n\n\n<div class=\"wp-block-image\"><figure class=\"alignright size-large is-resized\"><a href=\"https:\/\/bielefelder-friedensini.de\/wp-content\/uploads\/2023\/03\/01_Bertold-Keuneke-scaled.jpg\"><img decoding=\"async\" src=\"https:\/\/bielefelder-friedensini.de\/wp-content\/uploads\/2023\/03\/01_Bertold-Keuneke-768x1024.jpg\" alt=\"\" class=\"wp-image-2081\" width=\"-84\" height=\"-111\" srcset=\"https:\/\/bielefelder-friedensini.de\/wp-content\/uploads\/2023\/03\/01_Bertold-Keuneke-768x1024.jpg 768w, https:\/\/bielefelder-friedensini.de\/wp-content\/uploads\/2023\/03\/01_Bertold-Keuneke-225x300.jpg 225w, https:\/\/bielefelder-friedensini.de\/wp-content\/uploads\/2023\/03\/01_Bertold-Keuneke-1152x1536.jpg 1152w, https:\/\/bielefelder-friedensini.de\/wp-content\/uploads\/2023\/03\/01_Bertold-Keuneke-1536x2048.jpg 1536w, https:\/\/bielefelder-friedensini.de\/wp-content\/uploads\/2023\/03\/01_Bertold-Keuneke-scaled.jpg 1920w\" sizes=\"(max-width: 768px) 100vw, 768px\" \/><\/a><\/figure><\/div>\n\n\n\n<p><\/p>\n\n\n\n<p><a href=\"https:\/\/bielefelder-friedensini.de\/?p=2043\">Berthold Keunecke, Synodalbeauftragter f\u00fcr Friedensbildung im Ev. Kirchenkreis Herford: <\/a><\/p>\n\n\n\n<p><a href=\"https:\/\/bielefelder-friedensini.de\/?p=2043\">&#8222;Wir erinnern an die wirklich gef\u00e4hrlichen Krisen: Klimakatastrophe und weltweites Unrecht: Wir brauchen da all unsere Kr\u00e4fte und Ressourcen, die derzeit in der Ukraine f\u00fcr den Krieg verfeuert werden.&nbsp;&#8222;<\/a><\/p>\n\n\n\n<p><\/p>\n\n\n\n<div class=\"wp-block-image\"><figure class=\"alignright size-large is-resized\"><a href=\"https:\/\/bielefelder-friedensini.de\/wp-content\/uploads\/2023\/02\/03_20230225_134241.jpg\"><img loading=\"lazy\" decoding=\"async\" src=\"https:\/\/bielefelder-friedensini.de\/wp-content\/uploads\/2023\/02\/03_20230225_134241-953x1024.jpg\" alt=\"\" class=\"wp-image-2061\" width=\"303\" height=\"325\" srcset=\"https:\/\/bielefelder-friedensini.de\/wp-content\/uploads\/2023\/02\/03_20230225_134241-953x1024.jpg 953w, https:\/\/bielefelder-friedensini.de\/wp-content\/uploads\/2023\/02\/03_20230225_134241-279x300.jpg 279w, https:\/\/bielefelder-friedensini.de\/wp-content\/uploads\/2023\/02\/03_20230225_134241-768x825.jpg 768w, https:\/\/bielefelder-friedensini.de\/wp-content\/uploads\/2023\/02\/03_20230225_134241.jpg 1125w\" sizes=\"auto, (max-width: 303px) 100vw, 303px\" \/><\/a><figcaption><a href=\"https:\/\/bielefelder-friedensini.de\/?p=2045\">Auch Inge H\u00f6ger sprach f\u00fcr die Friedensinitiative<\/a><\/figcaption><\/figure><\/div>\n\n\n\n<figure class=\"wp-block-image size-large is-resized\"><a href=\"https:\/\/bielefelder-friedensini.de\/wp-content\/uploads\/2023\/02\/07_20230225_133539.jpg\"><img loading=\"lazy\" decoding=\"async\" src=\"https:\/\/bielefelder-friedensini.de\/wp-content\/uploads\/2023\/02\/07_20230225_133539-1024x768.jpg\" alt=\"\" class=\"wp-image-2062\" width=\"466\" height=\"349\" srcset=\"https:\/\/bielefelder-friedensini.de\/wp-content\/uploads\/2023\/02\/07_20230225_133539-1024x768.jpg 1024w, https:\/\/bielefelder-friedensini.de\/wp-content\/uploads\/2023\/02\/07_20230225_133539-300x225.jpg 300w, https:\/\/bielefelder-friedensini.de\/wp-content\/uploads\/2023\/02\/07_20230225_133539-768x576.jpg 768w, https:\/\/bielefelder-friedensini.de\/wp-content\/uploads\/2023\/02\/07_20230225_133539-1536x1151.jpg 1536w, https:\/\/bielefelder-friedensini.de\/wp-content\/uploads\/2023\/02\/07_20230225_133539.jpg 1665w\" sizes=\"auto, (max-width: 466px) 100vw, 466px\" \/><\/a><figcaption><a href=\"https:\/\/www.bing.com\/videos\/search?q=we+shall+overcome+baez&amp;&amp;view=detail&amp;mid=3F3EDE887629D83D9CCB3F3EDE887629D83D9CCB&amp;&amp;FORM=VRDGAR&amp;ru=%2Fvideos%2Fsearch%3Fq%3Dwe%2520shall%2520overcome%2520baez%26qs%3Dn%26form%3DQBVR%26%3D%2525eIhren%2520Suchverlauf%2520verwalten%2525E%26sp%3D-1%26lq%3D0%26pq%3Dwe%2520shall%2520overcome%2520baez%26sc%3D6-22%26sk%3D%26cvid%3D20987A8B9BF34F06868099005684CDD5%26ghsh%3D0%26ghacc%3D0%26ghpl%3D\">Zum Abschluss sangen die Teilnehmer*innen <strong>We Shall Overcome<\/strong><\/a><\/figcaption><\/figure>\n\n\n\n<p class=\"has-text-align-right\"><\/p>\n\n\n\n<figure class=\"wp-block-image size-large is-resized\"><a href=\"https:\/\/bielefelder-friedensini.de\/wp-content\/uploads\/2023\/03\/03_Russians-against-the-war-scaled.jpg\"><img loading=\"lazy\" decoding=\"async\" src=\"https:\/\/bielefelder-friedensini.de\/wp-content\/uploads\/2023\/03\/03_Russians-against-the-war-1024x768.jpg\" alt=\"\" class=\"wp-image-2083\" width=\"505\" height=\"378\" srcset=\"https:\/\/bielefelder-friedensini.de\/wp-content\/uploads\/2023\/03\/03_Russians-against-the-war-1024x768.jpg 1024w, https:\/\/bielefelder-friedensini.de\/wp-content\/uploads\/2023\/03\/03_Russians-against-the-war-300x225.jpg 300w, https:\/\/bielefelder-friedensini.de\/wp-content\/uploads\/2023\/03\/03_Russians-against-the-war-768x576.jpg 768w, https:\/\/bielefelder-friedensini.de\/wp-content\/uploads\/2023\/03\/03_Russians-against-the-war-1536x1152.jpg 1536w, https:\/\/bielefelder-friedensini.de\/wp-content\/uploads\/2023\/03\/03_Russians-against-the-war-2048x1536.jpg 2048w\" sizes=\"auto, (max-width: 505px) 100vw, 505px\" \/><\/a><\/figure>\n\n\n\n<p class=\"has-text-align-right\"><a href=\"https:\/\/www.bing.com\/videos\/search?q=we+shall+overcome+baez&amp;&amp;view=detail&amp;mid=3F3EDE887629D83D9CCB3F3EDE887629D83D9CCB&amp;&amp;FORM=VRDGAR&amp;ru=%2Fvideos%2Fsearch%3Fq%3Dwe%2520shall%2520overcome%2520baez%26qs%3Dn%26form%3DQBVR%26%3D%2525eIhren%2520Suchverlauf%2520verwalten%2525E%26sp%3D-1%26lq%3D0%26pq%3Dwe%2520shall%2520overcome%2520baez%26sc%3D6-22%26sk%3D%26cvid%3D20987A8B9BF34F06868099005684CDD5%26ghsh%3D0%26ghacc%3D0%26ghpl%3D\">.<\/a><\/p>\n","protected":false},"excerpt":{"rendered":"<p>Rund 200 Menschen folgten dem Aufruf der Friedensinitiative Ostwestfalen und forderten einen sofortigen Waffenstillstand und Verhandlungen. Sie sprachen sich auch gegen Waffenlieferungen und weitere Aufr\u00fcstung aus.<\/p>\n","protected":false},"author":2,"featured_media":0,"comment_status":"closed","ping_status":"closed","sticky":false,"template":"","format":"standard","meta":{"footnotes":""},"categories":[1],"tags":[],"class_list":["post-2047","post","type-post","status-publish","format-standard","hentry","category-aktuelles"],"_links":{"self":[{"href":"https:\/\/bielefelder-friedensini.de\/index.php?rest_route=\/wp\/v2\/posts\/2047","targetHints":{"allow":["GET"]}}],"collection":[{"href":"https:\/\/bielefelder-friedensini.de\/index.php?rest_route=\/wp\/v2\/posts"}],"about":[{"href":"https:\/\/bielefelder-friedensini.de\/index.php?rest_route=\/wp\/v2\/types\/post"}],"author":[{"embeddable":true,"href":"https:\/\/bielefelder-friedensini.de\/index.php?rest_route=\/wp\/v2\/users\/2"}],"replies":[{"embeddable":true,"href":"https:\/\/bielefelder-friedensini.de\/index.php?rest_route=%2Fwp%2Fv2%2Fcomments&post=2047"}],"version-history":[{"count":15,"href":"https:\/\/bielefelder-friedensini.de\/index.php?rest_route=\/wp\/v2\/posts\/2047\/revisions"}],"predecessor-version":[{"id":2272,"href":"https:\/\/bielefelder-friedensini.de\/index.php?rest_route=\/wp\/v2\/posts\/2047\/revisions\/2272"}],"wp:attachment":[{"href":"https:\/\/bielefelder-friedensini.de\/index.php?rest_route=%2Fwp%2Fv2%2Fmedia&parent=2047"}],"wp:term":[{"taxonomy":"category","embeddable":true,"href":"https:\/\/bielefelder-friedensini.de\/index.php?rest_route=%2Fwp%2Fv2%2Fcategories&post=2047"},{"taxonomy":"post_tag","embeddable":true,"href":"https:\/\/bielefelder-friedensini.de\/index.php?rest_route=%2Fwp%2Fv2%2Ftags&post=2047"}],"curies":[{"name":"wp","href":"https:\/\/api.w.org\/{rel}","templated":true}]}}