{"id":2089,"date":"2023-03-10T18:03:40","date_gmt":"2023-03-10T16:03:40","guid":{"rendered":"https:\/\/bielefelder-friedensini.de\/?p=2089"},"modified":"2023-06-09T01:11:35","modified_gmt":"2023-06-08T23:11:35","slug":"stoppt-die-kriege-diplomatie-statt-eskalation","status":"publish","type":"post","link":"https:\/\/bielefelder-friedensini.de\/?p=2089","title":{"rendered":"Stoppt die Kriege! Diplomatie statt Eskalation!"},"content":{"rendered":"\n<p class=\"has-large-font-size\">Ostermarsch Ostwestfalen-Lippe 2023<\/p>\n\n\n\n<figure class=\"wp-block-image size-large\"><a href=\"https:\/\/bielefelder-friedensini.de\/wp-content\/uploads\/2023\/03\/grafik.png\"><img loading=\"lazy\" decoding=\"async\" width=\"1024\" height=\"386\" src=\"https:\/\/bielefelder-friedensini.de\/wp-content\/uploads\/2023\/03\/grafik-1024x386.png\" alt=\"\" class=\"wp-image-2090\" srcset=\"https:\/\/bielefelder-friedensini.de\/wp-content\/uploads\/2023\/03\/grafik-1024x386.png 1024w, https:\/\/bielefelder-friedensini.de\/wp-content\/uploads\/2023\/03\/grafik-300x113.png 300w, https:\/\/bielefelder-friedensini.de\/wp-content\/uploads\/2023\/03\/grafik-768x289.png 768w, https:\/\/bielefelder-friedensini.de\/wp-content\/uploads\/2023\/03\/grafik.png 1473w\" sizes=\"auto, (max-width: 1024px) 100vw, 1024px\" \/><\/a><\/figure>\n\n\n\n<p class=\"has-text-align-center\" style=\"font-size:18px\"><strong>Demonstration f\u00fcr Frieden, Umwelt, Klimaschutz und soziale Sicherung!<\/strong><\/p>\n\n\n\n<p class=\"has-text-align-center has-medium-font-size\">Am 8. April 2023<br>Start 12 Uhr Hauptbahnhof Bielefeld<br>Abschlusskundgebung 13 Uhr Jahnplatz<br><\/p>\n\n\n\n<p style=\"font-size:16px\">Start in G\u00fctersloh: 10 Uhr ab Stadtbibliothek, Friedensschilder-Rundgang zur Abschlusskundgebung vor dem Hauptbahnhof. Um 11:49 Uhr geht es mit den Zug zum Ostermarsch OWL nach Bielefeld.<\/p>\n\n\n\n<p class=\"has-medium-font-size\">Krieg bringt Tod und Zerst\u00f6rung, Elend und Vertreibung f\u00fcr Menschen und andere Lebewesen.<br>Unser Mitgef\u00fchl gilt allen Verwundeten, Vertriebenen und allen die um ihr Leben und das ihrer Angeh\u00f6rigen f\u00fcrchten. Dieses gilt f\u00fcr die Ukraine und ebenso f\u00fcr andere von Krieg betroffene Staaten und Regionen wie Afghanistan, Jemen, Syrien, Kurdistan, Mali und weitere. Unsere Solidarit\u00e4t geh\u00f6rt allen friedliebenden Menschen und Kriegsdienstverweiger*innen in der Ukraine, in Russland und anderswo.<\/p>\n\n\n\n<p class=\"has-medium-font-size\"><a href=\"https:\/\/bielefelder-friedensini.de\/?p=2115\"><strong>Link zu den Unterst\u00fctzer*innen des Ostermarsches Ostwestfalen-Lippe 2023<\/strong><\/a><\/p>\n\n\n\n<!--more-->\n\n\n\n<p class=\"has-medium-font-size\">Weitere Unterst\u00fctzer*innen k\u00f6nnen sich hier melden:<\/p>\n\n\n\n<p class=\"has-medium-font-size\"><a href=\"mailto:kontakt%20%C3%A4t%20bielefelder-friedensini.de\">kontakt@bielefelder-friedensini.de<\/a><\/p>\n\n\n\n<p><\/p>\n\n\n\n<p class=\"has-medium-font-size\"><a href=\"https:\/\/www.facebook.com\/events\/227287833138272?ref=newsfeed\">Link zur Facebook-Veranstaltung<\/a><\/p>\n\n\n\n<p class=\"has-large-font-size\">Stoppt den Krieg in der Ukraine!<\/p>\n\n\n\n<div class=\"wp-block-image\"><figure class=\"alignright size-large is-resized\"><a href=\"https:\/\/bielefelder-friedensini.de\/wp-content\/uploads\/2023\/03\/16_20230225_141054.jpg\"><img loading=\"lazy\" decoding=\"async\" src=\"https:\/\/bielefelder-friedensini.de\/wp-content\/uploads\/2023\/03\/16_20230225_141054-768x1024.jpg\" alt=\"\" class=\"wp-image-2099\" width=\"310\" height=\"413\" srcset=\"https:\/\/bielefelder-friedensini.de\/wp-content\/uploads\/2023\/03\/16_20230225_141054-768x1025.jpg 768w, https:\/\/bielefelder-friedensini.de\/wp-content\/uploads\/2023\/03\/16_20230225_141054-225x300.jpg 225w, https:\/\/bielefelder-friedensini.de\/wp-content\/uploads\/2023\/03\/16_20230225_141054-1151x1536.jpg 1151w, https:\/\/bielefelder-friedensini.de\/wp-content\/uploads\/2023\/03\/16_20230225_141054.jpg 1248w\" sizes=\"auto, (max-width: 310px) 100vw, 310px\" \/><\/a><\/figure><\/div>\n\n\n\n<p><br>Wir verurteilen den v\u00f6lkerrechtswidrigen Krieg Russlands gegen die Ukraine ohne Wenn und Aber! <br>Um Wege zur Konfliktl\u00f6sung zu finden, muss die Vorgeschichte des Krieges ber\u00fccksichtigt werden, dazu geh\u00f6ren der B\u00fcrgerkrieg in der Ostukraine seit 2014, die NATO-Osterweiterung und die Pl\u00e4ne zur Aufnahme der Ukraine in die NATO. Jeder Kriegstag in der Ukraine bringt mehr Tote und mehr Zerst\u00f6rung. Die Gefahr einer direkten Konfrontation zwischen NATO und Russland w\u00e4chst mit jedem Kriegstag bis zur Ausweitung zu einem Atomkrieg. Trotz des unermesslichen Leids finden keine direkten Verhandlungen statt.<\/p>\n\n\n\n<p class=\"has-medium-font-size\"><br><strong>Wir treten ein:<\/strong><\/p>\n\n\n\n<p style=\"font-size:16px\">\u2022 F\u00fcr verst\u00e4rkte und ernsthafte Bem\u00fchungen f\u00fcr diplomatische L\u00f6sungen , f\u00fcr Waffenstillstand<br>und Friedensverhandlungen, ohne Vorbedingungen, wie es auch die UN fordert.<br>\u2022 JA zur Sprache des Friedens &#8211; NEIN zur Logik des Krieges! Verhinderung einer Eskalation<br>bis zum Atomkrieg, indem alle f\u00fcnf Atomm\u00e4chte des UN-Sicherheitsrats gemeinsam eine<br>Erkl\u00e4rung zum Verzicht auf den Ersteinsatz mit Atomwaffen vorlegen.<br>\u2022 Keine Waffenlieferungen in Kriegs- und Krisengebiete! Sie eskalieren und verl\u00e4ngern Kriege.<br>\u2022 F\u00fcr eine neue Sicherheitsordnung in Europa. Nur durch Kooperation lassen sich die<br>Klimakatastrophe und Naturzerst\u00f6rung wirksam bek\u00e4mpfen.<br>\u2022 F\u00fcr Abr\u00fcstung, Frieden, soziale Gerechtigkeit sowie Natur- und Klimaschutz weltweit!<\/p>\n\n\n\n<figure class=\"wp-block-image size-large\"><a href=\"https:\/\/bielefelder-friedensini.de\/wp-content\/uploads\/2023\/03\/09_20230225_131148-1.jpg\"><img loading=\"lazy\" decoding=\"async\" width=\"1024\" height=\"768\" src=\"https:\/\/bielefelder-friedensini.de\/wp-content\/uploads\/2023\/03\/09_20230225_131148-1-1024x768.jpg\" alt=\"\" class=\"wp-image-2100\" srcset=\"https:\/\/bielefelder-friedensini.de\/wp-content\/uploads\/2023\/03\/09_20230225_131148-1-1024x768.jpg 1024w, https:\/\/bielefelder-friedensini.de\/wp-content\/uploads\/2023\/03\/09_20230225_131148-1-300x225.jpg 300w, https:\/\/bielefelder-friedensini.de\/wp-content\/uploads\/2023\/03\/09_20230225_131148-1-768x576.jpg 768w, https:\/\/bielefelder-friedensini.de\/wp-content\/uploads\/2023\/03\/09_20230225_131148-1-1536x1151.jpg 1536w, https:\/\/bielefelder-friedensini.de\/wp-content\/uploads\/2023\/03\/09_20230225_131148-1.jpg 1665w\" sizes=\"auto, (max-width: 1024px) 100vw, 1024px\" \/><\/a><\/figure>\n\n\n\n<p><br>Der Krieg Russlands gegen die Ukraine dient jetzt als Vorwand f\u00fcr ein gigantisches, seit langem<br>geplantes Aufr\u00fcstungsprogramm. Deutschland will 100 Mrd. \u20ac und noch viel mehr ins Milit\u00e4r<br>investieren und st\u00fcnde damit auf dem dritten Platz bei den weltweiten R\u00fcstungsausgaben. Das Geld wird dringend ben\u00f6tigt f\u00fcr Gesundheit, Soziales, Bildung und Kultur sowie f\u00fcr den Kampf gegen die Klimakatastrophe und die Ern\u00e4hrungskrise. Weltweit hungern \u00fcber 800 Millionen Menschen. Ernteausf\u00e4lle in der Ukraine und ausbleibende Getreide- und D\u00fcngemittel-Exporte auch als Folge der Sanktionen gegen Russland f\u00fchren zu einem Mangel an Nahrungsmitteln und steigenden Preisen weltweit.<br><\/p>\n\n\n\n<figure class=\"wp-block-image size-large\"><a href=\"https:\/\/bielefelder-friedensini.de\/wp-content\/uploads\/2023\/03\/10_image_50416129-3-scaled.jpg\"><img loading=\"lazy\" decoding=\"async\" width=\"1024\" height=\"713\" src=\"https:\/\/bielefelder-friedensini.de\/wp-content\/uploads\/2023\/03\/10_image_50416129-3-1024x713.jpg\" alt=\"\" class=\"wp-image-2091\" srcset=\"https:\/\/bielefelder-friedensini.de\/wp-content\/uploads\/2023\/03\/10_image_50416129-3-1024x713.jpg 1024w, https:\/\/bielefelder-friedensini.de\/wp-content\/uploads\/2023\/03\/10_image_50416129-3-300x209.jpg 300w, https:\/\/bielefelder-friedensini.de\/wp-content\/uploads\/2023\/03\/10_image_50416129-3-768x535.jpg 768w, https:\/\/bielefelder-friedensini.de\/wp-content\/uploads\/2023\/03\/10_image_50416129-3-1536x1069.jpg 1536w, https:\/\/bielefelder-friedensini.de\/wp-content\/uploads\/2023\/03\/10_image_50416129-3-2048x1426.jpg 2048w\" sizes=\"auto, (max-width: 1024px) 100vw, 1024px\" \/><\/a><\/figure>\n\n\n\n<p class=\"has-medium-font-size\"><strong>Wir fordern:<\/strong><\/p>\n\n\n\n<p style=\"font-size:16px\">\u2022 NEIN zum 100 Milliarden Aufr\u00fcstungspaket! JA zu einem Paket f\u00fcr Klima, Soziales, Gesundheit und Bildung!<br>\u2022 Abzug der US-Atomwaffen aus Deutschland! Gegen den Kauf der US-Atombomber! Unterzeichnung des Atomwaffenverbotsvertrags durch die Bundesregierung!<br>\u2022 Keine Unterst\u00fctzung von Kriegen! Nicht in der Ukraine, nicht im Jemen oder anderswo!<br>\u2022 Zivile Konfliktl\u00f6sungen st\u00e4rken sowie diplomatische Initiativen zur Beendigung von Kriegen!<br>\u2022 Besteuerung der Kriegsprofiteure und Entlastung der wirtschaftlich Benachteiligten!<br>\u2022 Schluss mit der Sanktionspolitik! Nicht Oligarchen leiden darunter, sondern Menschen und andere Lebewesen.<br>\u2022 Fluchtgr\u00fcnde beseitigen statt Fl\u00fcchtende bek\u00e4mpfen!<br>Gleiche Rechte und Gleichbehandlung f\u00fcr alle Fl\u00fcchtenden! Anerkennung von ukrainischen und russischen Deserteuren im Asylverfahren!<\/p>\n\n\n\n<figure class=\"wp-block-image is-resized\"><img loading=\"lazy\" decoding=\"async\" src=\"https:\/\/de.connection-ev.org\/img\/logoheader.png\" alt=\"\" width=\"335\" height=\"260\"\/><\/figure>\n\n\n\n<p style=\"font-size:18px\"><a href=\"https:\/\/de.connection-ev.org\/index.php\">Wer die Waffen niederlegt, braucht einen legalen Weg zu Asyl. Link zu Connection e.V. &#8211; Inter\u00adna\u00adtio\u00adnale Arbeit f\u00fcr Kriegs\u00addienst\u00adver\u00adwei\u00adgerer und Deser\u00adteure<\/a><\/p>\n\n\n\n<p><\/p>\n\n\n\n<p><\/p>\n\n\n\n<div class=\"wp-block-image\"><figure class=\"alignright size-full is-resized\"><a href=\"https:\/\/bielefelder-friedensini.de\/wp-content\/uploads\/2023\/03\/29_DSC02238.jpg\"><img loading=\"lazy\" decoding=\"async\" src=\"https:\/\/bielefelder-friedensini.de\/wp-content\/uploads\/2023\/03\/29_DSC02238.jpg\" alt=\"\" class=\"wp-image-2093\" width=\"404\" height=\"270\" srcset=\"https:\/\/bielefelder-friedensini.de\/wp-content\/uploads\/2023\/03\/29_DSC02238.jpg 547w, https:\/\/bielefelder-friedensini.de\/wp-content\/uploads\/2023\/03\/29_DSC02238-300x200.jpg 300w\" sizes=\"auto, (max-width: 404px) 100vw, 404px\" \/><\/a><\/figure><\/div>\n\n\n\n<p><\/p>\n\n\n\n<p class=\"has-medium-font-size\">Es gibt nur dann eine Zukunft f\u00fcr die Menschheit und unsere oft vergessenen Mitlebewesen, wenn die Welt eine friedliche wird.<\/p>\n\n\n\n<p><\/p>\n\n\n\n<p><strong><em>Wir distanzieren uns ausdr\u00fccklich von jeglicher Form von Rassismus, Antisemitismus, Islamfeindlichkeit, Sexismus und LGBTQ-Feindlichkeit. Personen, die der rechtsextremen Szene zuzuordnen sind, sind von der Teilnahme ausgeschlossen.<\/em><\/strong><\/p>\n\n\n\n<p>B\u00fcndnis Ostermarsch<br>www.bielefelder-friedensini.de<br>Unterst\u00fctzung f\u00fcr den Aufruf bitte an:<br>Kontakt@bielefelder-friedensini.de<br>Spendenkonto: Monika Greve\/Friedensinitiative:<br>IBAN: DE66 4805 0161 0367 2046 25<br>v.i.S.d.P: Monika Greve monzter@posteo.de<\/p>\n","protected":false},"excerpt":{"rendered":"<p>Ostermarsch Ostwestfalen-Lippe 2023 Demonstration f\u00fcr Frieden, Umwelt, Klimaschutz und soziale Sicherung! Am 8. April 2023Start 12 Uhr Hauptbahnhof BielefeldAbschlusskundgebung 13 Uhr Jahnplatz Start in G\u00fctersloh: 10 Uhr ab Stadtbibliothek, Friedensschilder-Rundgang zur Abschlusskundgebung vor dem Hauptbahnhof. Um 11:49 Uhr geht es mit den Zug zum Ostermarsch OWL nach Bielefeld. Krieg bringt Tod und Zerst\u00f6rung, Elend und &hellip; <a href=\"https:\/\/bielefelder-friedensini.de\/?p=2089\" class=\"more-link\"><span class=\"screen-reader-text\">Stoppt die Kriege! Diplomatie statt Eskalation!<\/span> weiterlesen <span class=\"meta-nav\">&rarr;<\/span><\/a><\/p>\n","protected":false},"author":2,"featured_media":0,"comment_status":"closed","ping_status":"closed","sticky":false,"template":"","format":"standard","meta":{"footnotes":""},"categories":[1],"tags":[],"class_list":["post-2089","post","type-post","status-publish","format-standard","hentry","category-aktuelles"],"_links":{"self":[{"href":"https:\/\/bielefelder-friedensini.de\/index.php?rest_route=\/wp\/v2\/posts\/2089","targetHints":{"allow":["GET"]}}],"collection":[{"href":"https:\/\/bielefelder-friedensini.de\/index.php?rest_route=\/wp\/v2\/posts"}],"about":[{"href":"https:\/\/bielefelder-friedensini.de\/index.php?rest_route=\/wp\/v2\/types\/post"}],"author":[{"embeddable":true,"href":"https:\/\/bielefelder-friedensini.de\/index.php?rest_route=\/wp\/v2\/users\/2"}],"replies":[{"embeddable":true,"href":"https:\/\/bielefelder-friedensini.de\/index.php?rest_route=%2Fwp%2Fv2%2Fcomments&post=2089"}],"version-history":[{"count":25,"href":"https:\/\/bielefelder-friedensini.de\/index.php?rest_route=\/wp\/v2\/posts\/2089\/revisions"}],"predecessor-version":[{"id":2227,"href":"https:\/\/bielefelder-friedensini.de\/index.php?rest_route=\/wp\/v2\/posts\/2089\/revisions\/2227"}],"wp:attachment":[{"href":"https:\/\/bielefelder-friedensini.de\/index.php?rest_route=%2Fwp%2Fv2%2Fmedia&parent=2089"}],"wp:term":[{"taxonomy":"category","embeddable":true,"href":"https:\/\/bielefelder-friedensini.de\/index.php?rest_route=%2Fwp%2Fv2%2Fcategories&post=2089"},{"taxonomy":"post_tag","embeddable":true,"href":"https:\/\/bielefelder-friedensini.de\/index.php?rest_route=%2Fwp%2Fv2%2Ftags&post=2089"}],"curies":[{"name":"wp","href":"https:\/\/api.w.org\/{rel}","templated":true}]}}