{"id":2095,"date":"2023-03-10T17:40:36","date_gmt":"2023-03-10T15:40:36","guid":{"rendered":"https:\/\/bielefelder-friedensini.de\/?p=2095"},"modified":"2023-03-10T17:40:36","modified_gmt":"2023-03-10T15:40:36","slug":"wirtschaftsblockaden-eine-zivile-alternative-zu-krieg","status":"publish","type":"post","link":"https:\/\/bielefelder-friedensini.de\/?p=2095","title":{"rendered":"Wirtschaftsblockaden &#8211;<br>eine \u201ezivile Alternative\u201c zu Krieg?"},"content":{"rendered":"\n<p>Die Energiekrise hat Wirtschaftssanktionen in den Fokus der \u00f6ffentlichen Debatte ger\u00fcckt.<br>Viele bef\u00fcrworten sie als zivile Alternative zum Krieg. Sie stehen jedoch aufgrund ihrer<br>negativen sozialen Folgen, aufgrund von Versorgungsengp\u00e4ssen und Preissteigerungen nicht<br>nur f\u00fcr Energie und Lebensmittel international in der Kritik.<br>Die USA sind Weltmeister im Verh\u00e4ngen von Sanktionen gegen missliebige Staaten und die<br>EU haben inzwischen das 10. Sanktionspaket gegen Russland beschlossen<br>Wie sind Sanktionen aus humanit\u00e4rem und v\u00f6lkerrechtlichem Blickwinkel zu bewerten?<br>Welche Auswirkungen haben speziell die nach dem russischen Einmarsch in die Ukraine<br>verh\u00e4ngten Embargo-Ma\u00dfnahmen gegen Russland? Wie werden sie au\u00dferhalb des Westens<br>bewertet? Stehen wir vor einer neuen internationalen Blockbildung?<\/p>\n\n\n\n<p style=\"font-size:24px\">Veranstaltung 17. M\u00e4rz 2023, 19 \u2013 21 Uhr<br>Ort: B\u00fcrgerwache Siegfriedplatz, Bielefeld<br>Referent: Joachim Guilliard<\/p>\n\n\n\n<div class=\"wp-block-image\"><figure class=\"alignleft size-full is-resized\"><a href=\"https:\/\/bielefelder-friedensini.de\/wp-content\/uploads\/2023\/03\/grafik-1.png\"><img loading=\"lazy\" decoding=\"async\" src=\"https:\/\/bielefelder-friedensini.de\/wp-content\/uploads\/2023\/03\/grafik-1.png\" alt=\"\" class=\"wp-image-2096\" width=\"263\" height=\"291\" srcset=\"https:\/\/bielefelder-friedensini.de\/wp-content\/uploads\/2023\/03\/grafik-1.png 424w, https:\/\/bielefelder-friedensini.de\/wp-content\/uploads\/2023\/03\/grafik-1-271x300.png 271w\" sizes=\"auto, (max-width: 263px) 100vw, 263px\" \/><\/a><\/figure><\/div>\n\n\n\n<p>Der Referent ist aktiv in der Friedensbewegung und freiberuflicher Autor mit dem Schwerpunkt USA und<br>NATO sowie Naher und Mittlerer Osten.<br>Zuletzt erschien u.a. &#8222;Der schwankende Hegemon \u2013 die US-Politik in der Golfregion&#8220; in Matin Baraki\/Fritz<br>Edlinger (Hg.) \u201eKrise am Golf\u201c \u2013 Hintergr\u00fcnde, Analysen, Berichte.<br>Beitr\u00e4ge findet man auch auf seinem<br>Blog: https:\/\/jg-nachgetragen.blog\/<\/p>\n","protected":false},"excerpt":{"rendered":"<p>Die Energiekrise hat Wirtschaftssanktionen in den Fokus der \u00f6ffentlichen Debatte ger\u00fcckt.Viele bef\u00fcrworten sie als zivile Alternative zum Krieg. Sie stehen jedoch aufgrund ihrernegativen sozialen Folgen, aufgrund von Versorgungsengp\u00e4ssen und Preissteigerungen nichtnur f\u00fcr Energie und Lebensmittel international in der Kritik.Die USA sind Weltmeister im Verh\u00e4ngen von Sanktionen gegen missliebige Staaten und dieEU haben inzwischen das 10. &hellip; <a href=\"https:\/\/bielefelder-friedensini.de\/?p=2095\" class=\"more-link\"><span class=\"screen-reader-text\">Wirtschaftsblockaden &#8211;<br \/>eine \u201ezivile Alternative\u201c zu Krieg?<\/span> weiterlesen <span class=\"meta-nav\">&rarr;<\/span><\/a><\/p>\n","protected":false},"author":2,"featured_media":0,"comment_status":"closed","ping_status":"closed","sticky":false,"template":"","format":"standard","meta":{"footnotes":""},"categories":[1],"tags":[],"class_list":["post-2095","post","type-post","status-publish","format-standard","hentry","category-aktuelles"],"_links":{"self":[{"href":"https:\/\/bielefelder-friedensini.de\/index.php?rest_route=\/wp\/v2\/posts\/2095","targetHints":{"allow":["GET"]}}],"collection":[{"href":"https:\/\/bielefelder-friedensini.de\/index.php?rest_route=\/wp\/v2\/posts"}],"about":[{"href":"https:\/\/bielefelder-friedensini.de\/index.php?rest_route=\/wp\/v2\/types\/post"}],"author":[{"embeddable":true,"href":"https:\/\/bielefelder-friedensini.de\/index.php?rest_route=\/wp\/v2\/users\/2"}],"replies":[{"embeddable":true,"href":"https:\/\/bielefelder-friedensini.de\/index.php?rest_route=%2Fwp%2Fv2%2Fcomments&post=2095"}],"version-history":[{"count":2,"href":"https:\/\/bielefelder-friedensini.de\/index.php?rest_route=\/wp\/v2\/posts\/2095\/revisions"}],"predecessor-version":[{"id":2098,"href":"https:\/\/bielefelder-friedensini.de\/index.php?rest_route=\/wp\/v2\/posts\/2095\/revisions\/2098"}],"wp:attachment":[{"href":"https:\/\/bielefelder-friedensini.de\/index.php?rest_route=%2Fwp%2Fv2%2Fmedia&parent=2095"}],"wp:term":[{"taxonomy":"category","embeddable":true,"href":"https:\/\/bielefelder-friedensini.de\/index.php?rest_route=%2Fwp%2Fv2%2Fcategories&post=2095"},{"taxonomy":"post_tag","embeddable":true,"href":"https:\/\/bielefelder-friedensini.de\/index.php?rest_route=%2Fwp%2Fv2%2Ftags&post=2095"}],"curies":[{"name":"wp","href":"https:\/\/api.w.org\/{rel}","templated":true}]}}