{"id":230,"date":"2016-02-18T01:02:31","date_gmt":"2016-02-17T23:02:31","guid":{"rendered":"http:\/\/bielefelder-friedensini.de\/?p=230"},"modified":"2016-08-15T23:55:59","modified_gmt":"2016-08-15T21:55:59","slug":"ostermarschaufruf-2016-ostwestfalen-lippe","status":"publish","type":"post","link":"https:\/\/bielefelder-friedensini.de\/?p=230","title":{"rendered":"Ostermarschaufruf 2016 Ostwestfalen-Lippe"},"content":{"rendered":"<p class=\"western\" align=\"left\"><strong>26.03.2016, 12 Uhr, Auftakt auf dem Kesselbrink (Bielefeld)<\/strong><\/p>\n<p class=\"western\" align=\"left\"><span style=\"font-family: Calibri,serif;\">Seit Dezember beteiligt sich die Bundesregierung an einer neuen Runde des<\/span> <span style=\"font-family: Calibri,serif;\">&#8222;Krieges gegen den Terror&#8220;, der in Afghanistan, Pakistan, Irak, Mali, Jemen und zuletzt in Syrien den Nahen und Mittleren Osten sowie Nordafrika destabilisiert. Die Zahl der zivilen Todesopfer allein f\u00fcr Afghanistan, Irak und Pakistan seit 2001 wird auf mehr als 1,3 Millionen gesch\u00e4tzt \u2013 und viele Millionen Menschen sind auf der Flucht.<\/span><\/p>\n<p class=\"western\" align=\"left\"><strong><span style=\"font-family: Calibri,serif;\">Wir lehnen alle Kriegseins\u00e4tze ab. Der Krieg gegen Syrien ist v\u00f6lkerrechtswidrig. Wir fordern den Stopp aller R\u00fcstungsexporte und die Trockenlegung aller Finanzierungsquellen des &#8222;Islamischen Staates&#8220; sowie anderer terroristischer Milizen.<\/span><\/strong><\/p>\n<p class=\"western\" align=\"left\"><span style=\"font-family: Calibri,serif;\">Dieser Krieg zerst\u00f6rt die Lebensgrundlagen der Menschen im Nahen Osten und untergr\u00e4bt m\u00fchsam erk\u00e4mpfte Freiheitsrechte in Europa. Die Opfer von Terroranschl\u00e4gen und unsere Trauer um sie d\u00fcrfen nicht instrumentalisiert werden. Nicht f\u00fcr mehr Kriege, \u00dcberwachung, den Einsatz der Armee im Inland oder die Einschr\u00e4nkung von Grundrechten.<\/span><\/p>\n<p class=\"western\" align=\"left\"><strong><span style=\"font-family: Calibri,serif;\">Wir fordern die Aufhebung des EU-B\u00fcndnisfalls sowie den Stopp jeglicher innerer Militarisierung und des Abbaus von Grundrechten.<\/span><\/strong><\/p>\n<p class=\"western\" align=\"left\"><span style=\"font-family: Calibri,serif;\">Der Krieg des Westens gegen Afghanistan seit bereits 15 Jahren zeigt, dass Kriege zu mehr Leid, Terror und Kriegen f\u00fchren. <\/span><span style=\"font-family: Calibri,serif;\">Selbst der ehemalige britische Premierminister Tony Blair hat k\u00fcrzlich einger\u00e4umt, dass der von ihm mitzuverantwortende Krieg gegen den Irak die Entstehung des terroristischen &#8222;Islamischen Staates&#8220; mitverursacht hat.<\/span><\/p>\n<p class=\"western\" align=\"left\"><span style=\"font-family: Calibri,serif;\"><b>Wir fordern die Bundesregierung auf, die t\u00fcrkische Regierung nicht zu unterst\u00fctzen, so lange sie ihren Krieg gegen die kurdische Bev\u00f6lke\u00adrung in Teilen der T\u00fcrkei, in Nordsyrien, dem Nordirak sowie gegen die PKK f\u00fchrt.<\/b><\/span><\/p>\n<p class=\"western\" align=\"left\"><span style=\"font-family: Calibri,serif;\">F\u00fcr die Flucht von Millionen Menschen ist Deutschland durch seine Beteiligung am Krieg in Afghanistan und Syrien sowie als viertgr\u00f6\u00dfter Waffenexporteur der Welt mitverantwortlich. Eine weitere Fluchtursache ist die neokoloniale Politik des Westens gegen\u00fcber Staaten des globalen S\u00fcdens. Die nationalen Volkswirtschaften wurden durch Kriege, EU-Subventionspolitik und dem Aufzwingen von Freihandel zerst\u00f6rt.<\/span><\/p>\n<p class=\"western\" align=\"left\"><span style=\"font-family: Calibri,serif;\"><b>Wir fordern den Abzug der Armeen aus Kriegs- und Krisengebieten und eine EU-Wirtschaftspolitik, die die wirtschaftliche Souver\u00e4nit\u00e4t der Partnerl\u00e4nder zum Ziel hat.<\/b><\/span><\/p>\n<p class=\"western\" align=\"left\"><span style=\"font-family: Calibri,serif;\">Atomwaffen geh\u00f6ren zu den zerst\u00f6rerischsten Waffen der Menschheitsgeschichte. Obwohl der Kalte Krieg seit mehr als 25 Jahren Geschichte ist, stehen sich die USA, die EU-Staaten und Russland feindselig gegen\u00fcber, mit aufeinan\u00adder gerichteten Atomwaffen. Der Konflikt der USA, der EU und Russlands um die Stellung der Ukraine versch\u00e4rft die angespannte Lage weiter. <\/span><\/p>\n<p class=\"western\" align=\"left\"><span style=\"font-family: Calibri,serif;\"><b>Wir fordern, dass die Bundesregierung sich um einen neutralen Status der Ukraine und deren Demilitarisierung mit Hilfe der Vereinten Nationen bem\u00fcht sowie gem\u00e4\u00df dem Beschluss des Deutschen Bundes\u00adtages vom M\u00e4rz 2010 den Abzug aller US-Atomwaffen aus Deutschland veranlasst.<\/b><\/span><\/p>\n<p class=\"western\" align=\"left\"><span style=\"font-family: Calibri,serif;\">Auch in NRW wird Kriegspolitik gemacht. Wir fordern daher die sofortige Einstellung der Kriegs\u00fcbungen in der Senne, den Abbau der Kampfd\u00f6rfer und die Ernennung der Senne zum Nationalpark. Die Urananreicherungslage Gronau und die NATO-Einrichtungen in NRW m\u00fcssen geschlossen werden. Die Hochschulen d\u00fcrfen keine Milit\u00e4rforschung betreiben und an den Schulen darf kein Nachwuchs f\u00fcr die Bundeswehr rekrutiert werden.<\/span><\/p>\n<p class=\"western\" align=\"left\"><span style=\"font-family: Calibri,serif;\"><b>Auch von NRW und von der Senne muss Frieden ausgehen!<\/b><\/span><\/p>\n<p class=\"western\" align=\"left\"><span style=\"font-family: Calibri,serif;\">Auf der Webseite bielefelder-friedensini.de besteht die M\u00f6glichkeit, den Aufruf namentlich als Gruppe zu unterst\u00fctzen. (E-Mail an Kontakt@)<br \/>\n<\/span><\/p>\n<p class=\"western\" align=\"left\"><span style=\"font-family: Calibri,serif;\">Die Vorbereitungsgruppe ist auf Spenden angewiesen. Bankverbindung:<br \/>\nIBAN: <\/span><span style=\"font-family: Calibri,serif;\">DE66 4805 0161 0367 2046 25<br \/>\nVerwendungszweck: Friedensinitiative<br \/>\nInhaberin: Monika Greve<\/span><\/p>\n<p class=\"western\" align=\"left\"><span style=\"font-family: Calibri,serif;\">Wir distanzieren uns ausdr\u00fccklich von jeglicher Form von Rassismus, Antisemi\u00adtismus und Sexismus.<\/span><\/p>\n<hr \/>\n<p class=\"western\" align=\"left\"><strong>Der Aufruf als PDF<\/strong>: <a href=\"http:\/\/bielefelder-friedensini.de\/wp-content\/uploads\/2016\/02\/OM_Flyer_Plakat_2016__300dpi.pdf\" rel=\"\">OM_Flyer_Plakat_2016__300dpi.pdf <\/a>(412 KB)<\/p>\n<hr \/>\n<p><strong>Unterst\u00fctzende Organisationen<\/strong><\/p>\n<ul>\n<li>Aktionskreis Freie Senne<\/li>\n<li>Attac Bielefeld<\/li>\n<li>Bielefelder Friedensfrauen<\/li>\n<li>Blumen f\u00fcr Stukenbrock e.V.<\/li>\n<li>Bundesverband der Migrantinnen in Deutschland e.V.<\/li>\n<li>B\u00fcndnis der demokratischen Kr\u00e4fte OWL<\/li>\n<li>B\u00fcrgerinitiative B\u00fcrgerwache e.V.<\/li>\n<li>Demokratischer ArbeiterInnen und StudentInnen Verein in Bielefeld und Umgebung e.V. \u00ad<\/li>\n<li>DIDF Bielefeld<\/li>\n<li>DGB Jugend OWL<\/li>\n<li>DGB Stadtverband Bielefeld<\/li>\n<li>SJD-\u00adDie Falken, KV Bielefeld<\/li>\n<li>Die LINKE Bielefeld<\/li>\n<li>DIE NATURFREUNDE, Ortsgruppe Bielefeld<\/li>\n<li>DKP OWL<\/li>\n<li>Friedens\u00ad und Fl\u00fcchtlingsbegleitgruppe Herford<\/li>\n<li>Friedensgruppe G\u00fctersloh<\/li>\n<li>Gewerkschafterinnen gegen Krieg, Lippe<\/li>\n<li>Internationale \u00c4rzte zur Verh\u00fctung des Atomkrieges \u00ad \u00c4rzte in sozialer Verantwortung e.V. (IPPNW)<\/li>\n<li>Kurdistan Zentrum Bielefeld<\/li>\n<li>Linkes Forum Paderborn<\/li>\n<li>Linksjugend Bielefeld<\/li>\n<li>\u00d6kumenisches Friedensgebet Detmold, Erl\u00f6serkirche<\/li>\n<li>Paderborner Initiative gegen Krieg<\/li>\n<li>SDAJ OWL<\/li>\n<li>Sozialpfarramt Bielefeld<\/li>\n<li class=\"western\">SPD\u00ad Unterbezirk Bielefeld<\/li>\n<li class=\"western\">Welthaus Bielefeld<\/li>\n<\/ul>\n","protected":false},"excerpt":{"rendered":"<p>26.03.2016, 12 Uhr, Auftakt auf dem Kesselbrink (Bielefeld) Seit Dezember beteiligt sich die Bundesregierung an einer neuen Runde des &#8222;Krieges gegen den Terror&#8220;, der in Afghanistan, Pakistan, Irak, Mali, Jemen und zuletzt in Syrien den Nahen und Mittleren Osten sowie Nordafrika destabilisiert. Die Zahl der zivilen Todesopfer allein f\u00fcr Afghanistan, Irak und Pakistan seit 2001 &hellip; <a href=\"https:\/\/bielefelder-friedensini.de\/?p=230\" class=\"more-link\"><span class=\"screen-reader-text\">Ostermarschaufruf 2016 Ostwestfalen-Lippe<\/span> weiterlesen <span class=\"meta-nav\">&rarr;<\/span><\/a><\/p>\n","protected":false},"author":1,"featured_media":0,"comment_status":"closed","ping_status":"closed","sticky":false,"template":"","format":"standard","meta":{"footnotes":""},"categories":[3],"tags":[],"class_list":["post-230","post","type-post","status-publish","format-standard","hentry","category-archiv"],"_links":{"self":[{"href":"https:\/\/bielefelder-friedensini.de\/index.php?rest_route=\/wp\/v2\/posts\/230","targetHints":{"allow":["GET"]}}],"collection":[{"href":"https:\/\/bielefelder-friedensini.de\/index.php?rest_route=\/wp\/v2\/posts"}],"about":[{"href":"https:\/\/bielefelder-friedensini.de\/index.php?rest_route=\/wp\/v2\/types\/post"}],"author":[{"embeddable":true,"href":"https:\/\/bielefelder-friedensini.de\/index.php?rest_route=\/wp\/v2\/users\/1"}],"replies":[{"embeddable":true,"href":"https:\/\/bielefelder-friedensini.de\/index.php?rest_route=%2Fwp%2Fv2%2Fcomments&post=230"}],"version-history":[{"count":7,"href":"https:\/\/bielefelder-friedensini.de\/index.php?rest_route=\/wp\/v2\/posts\/230\/revisions"}],"predecessor-version":[{"id":239,"href":"https:\/\/bielefelder-friedensini.de\/index.php?rest_route=\/wp\/v2\/posts\/230\/revisions\/239"}],"wp:attachment":[{"href":"https:\/\/bielefelder-friedensini.de\/index.php?rest_route=%2Fwp%2Fv2%2Fmedia&parent=230"}],"wp:term":[{"taxonomy":"category","embeddable":true,"href":"https:\/\/bielefelder-friedensini.de\/index.php?rest_route=%2Fwp%2Fv2%2Fcategories&post=230"},{"taxonomy":"post_tag","embeddable":true,"href":"https:\/\/bielefelder-friedensini.de\/index.php?rest_route=%2Fwp%2Fv2%2Ftags&post=230"}],"curies":[{"name":"wp","href":"https:\/\/api.w.org\/{rel}","templated":true}]}}