{"id":2345,"date":"2023-07-04T23:37:33","date_gmt":"2023-07-04T21:37:33","guid":{"rendered":"https:\/\/bielefelder-friedensini.de\/?p=2345"},"modified":"2023-07-04T23:37:33","modified_gmt":"2023-07-04T21:37:33","slug":"globaler-klimastreik-15-september-2023","status":"publish","type":"post","link":"https:\/\/bielefelder-friedensini.de\/?p=2345","title":{"rendered":"GLOBALER KLIMASTREIK \u2013 15. September 2023"},"content":{"rendered":"\n<figure class=\"wp-block-image size-large\"><a href=\"https:\/\/bielefelder-friedensini.de\/wp-content\/uploads\/2023\/07\/Klimastreik-20230915.png\"><img loading=\"lazy\" decoding=\"async\" width=\"1024\" height=\"249\" src=\"https:\/\/bielefelder-friedensini.de\/wp-content\/uploads\/2023\/07\/Klimastreik-20230915-1024x249.png\" alt=\"\" class=\"wp-image-2346\" srcset=\"https:\/\/bielefelder-friedensini.de\/wp-content\/uploads\/2023\/07\/Klimastreik-20230915-1024x249.png 1024w, https:\/\/bielefelder-friedensini.de\/wp-content\/uploads\/2023\/07\/Klimastreik-20230915-300x73.png 300w, https:\/\/bielefelder-friedensini.de\/wp-content\/uploads\/2023\/07\/Klimastreik-20230915-768x187.png 768w, https:\/\/bielefelder-friedensini.de\/wp-content\/uploads\/2023\/07\/Klimastreik-20230915-1536x373.png 1536w, https:\/\/bielefelder-friedensini.de\/wp-content\/uploads\/2023\/07\/Klimastreik-20230915.png 1782w\" sizes=\"auto, (max-width: 1024px) 100vw, 1024px\" \/><\/a><\/figure>\n\n\n\n<p>Ob in Frankreich, Italien oder Myanmar: Weltweit erleben Menschen, wie unsere Lebensgrundlagen zerst\u00f6rt werden \u2013 die Klimakrise ist real. Doch anstatt die notwendigen Ma\u00dfnahmen zu ergreifen, gehen Politik und Wirtschaft in den Verdr\u00e4ngungsmodus und betreiben skrupelloses Greenwashing. Gr\u00fcne M\u00e4rchen und Klimareden anstatt echter Emissionsminderungen sind die beliebten Methoden. Ganz vorne mit dabei ist der selbsternannte Klimakanzler Olaf Scholz. Vor dem G7 Gipfel startet er derzeit eine Lobby-Initiative f\u00fcr neue klimasch\u00e4dliche Investitionen und wirbt f\u00fcr mehr fossiles Gas. Gleichzeitig stellt er sich hin und r\u00fchmt sich f\u00fcr das Vorreiterland Deutschland bei Erneuerbaren Energien. <strong>Es muss Schluss sein damit, gr\u00fcn zu sprechen und fossil zu handeln!<\/strong><\/p>\n\n\n\n<p>Vor wenigen Tagen hat die UNO verk\u00fcndet, dass die n\u00e4chsten 5 Jahre vermutlich die w\u00e4rmsten seit Beginn der Wetteraufzeichnung werden. Wir befinden uns mitten in der Klimakrise. Deswegen m\u00fcssen wir jetzt raus aus Kohle, \u00d6l und Gas, brauchen eine echte Verkehrswende und einen Aufbruch auf allen Ebenen. Nie zuvor war es wichtiger als in diesem Jahr, dass Menschen weltweit f\u00fcr Klimaschutz aufstehen und zeigen, dass ehrliches, schnelles Handeln dringend notwendig ist. <strong>Daher rufen wir am 15. September den n\u00e4chsten Globalen Klimastreik aus!<\/strong><\/p>\n","protected":false},"excerpt":{"rendered":"<p>Ob in Frankreich, Italien oder Myanmar: Weltweit erleben Menschen, wie unsere Lebensgrundlagen zerst\u00f6rt werden \u2013 die Klimakrise ist real. Doch anstatt die notwendigen Ma\u00dfnahmen zu ergreifen, gehen Politik und Wirtschaft in den Verdr\u00e4ngungsmodus und betreiben skrupelloses Greenwashing. Gr\u00fcne M\u00e4rchen und Klimareden anstatt echter Emissionsminderungen sind die beliebten Methoden. Ganz vorne mit dabei ist der selbsternannte &hellip; <a href=\"https:\/\/bielefelder-friedensini.de\/?p=2345\" class=\"more-link\"><span class=\"screen-reader-text\">GLOBALER KLIMASTREIK \u2013 15. September 2023<\/span> weiterlesen <span class=\"meta-nav\">&rarr;<\/span><\/a><\/p>\n","protected":false},"author":2,"featured_media":0,"comment_status":"closed","ping_status":"closed","sticky":false,"template":"","format":"standard","meta":{"footnotes":""},"categories":[1],"tags":[],"class_list":["post-2345","post","type-post","status-publish","format-standard","hentry","category-aktuelles"],"_links":{"self":[{"href":"https:\/\/bielefelder-friedensini.de\/index.php?rest_route=\/wp\/v2\/posts\/2345","targetHints":{"allow":["GET"]}}],"collection":[{"href":"https:\/\/bielefelder-friedensini.de\/index.php?rest_route=\/wp\/v2\/posts"}],"about":[{"href":"https:\/\/bielefelder-friedensini.de\/index.php?rest_route=\/wp\/v2\/types\/post"}],"author":[{"embeddable":true,"href":"https:\/\/bielefelder-friedensini.de\/index.php?rest_route=\/wp\/v2\/users\/2"}],"replies":[{"embeddable":true,"href":"https:\/\/bielefelder-friedensini.de\/index.php?rest_route=%2Fwp%2Fv2%2Fcomments&post=2345"}],"version-history":[{"count":1,"href":"https:\/\/bielefelder-friedensini.de\/index.php?rest_route=\/wp\/v2\/posts\/2345\/revisions"}],"predecessor-version":[{"id":2347,"href":"https:\/\/bielefelder-friedensini.de\/index.php?rest_route=\/wp\/v2\/posts\/2345\/revisions\/2347"}],"wp:attachment":[{"href":"https:\/\/bielefelder-friedensini.de\/index.php?rest_route=%2Fwp%2Fv2%2Fmedia&parent=2345"}],"wp:term":[{"taxonomy":"category","embeddable":true,"href":"https:\/\/bielefelder-friedensini.de\/index.php?rest_route=%2Fwp%2Fv2%2Fcategories&post=2345"},{"taxonomy":"post_tag","embeddable":true,"href":"https:\/\/bielefelder-friedensini.de\/index.php?rest_route=%2Fwp%2Fv2%2Ftags&post=2345"}],"curies":[{"name":"wp","href":"https:\/\/api.w.org\/{rel}","templated":true}]}}