{"id":2350,"date":"2023-07-11T18:28:33","date_gmt":"2023-07-11T16:28:33","guid":{"rendered":"https:\/\/bielefelder-friedensini.de\/?p=2350"},"modified":"2024-02-09T12:38:49","modified_gmt":"2024-02-09T10:38:49","slug":"die-polizei-luegt","status":"publish","type":"post","link":"https:\/\/bielefelder-friedensini.de\/?p=2350","title":{"rendered":"Die Polizei l\u00fcgt!"},"content":{"rendered":"\n<!--more-->\n\n\n<p>Am 3. Juni wurde ein 19- j\u00e4hriger, migrantischer junger Erwachsener aus Herford von der Polizei in einer Sackgasse in der Nachbarstadt mit 34 Sch\u00fcssen beschossen. Sechs der 13 Polizist*innen vor Ort schossen. Mindestens sechs Mal wurde der 19- J\u00e4hrige getroffen. Grund f\u00fcr diese Gewalt: Das Auto war ohne Licht unterwegs. Darauf folgt eine Verfolgungsjagd, vermutlich weil der Fahrer ohne F\u00fchrerschein unterwegs war, die in einer Sackgasse endete. Laut Polizei haben sie aus Notwehr geschossen, da der 19- J\u00e4hrige umgedreht und mit erh\u00f6hter Geschwindigkeit auf sie zugerast sei. Sp\u00e4ter, im zweiten Polizeibericht, ist nichts mehr von erh\u00f6hter Geschwindigkeit zu lesen. Keine*r der 13 Polizist*innen hatten ihre Bodycams eingeschaltet, auch die Fahrzeugkameras liefen angeblich nicht.<br \/>\nGegen die Polizist*innen wird wegen K\u00f6rperverletzung, gegen den Betroffen wegen versuchten Mordes ermittelt. In einer Sondersitzung im Landtag besteht man auf die Unschuldsvermutung f\u00fcr die Polizist*innen &#8211; f\u00fcr den Angeschossenen hat sie nie gegolten.  Der Betroffene hat schon eine Vielzahl an OPs hinter sich &amp; es stehen noch viele an. Gerade ist von einer Querschnittsl\u00e4hmung auszugehen.<br \/>\nDies ist kein Einzelfall! Nicht in Herford und auch nicht dar\u00fcber hinaus. Auch dies scheint ein Fall von rassistischer und \u00fcberm\u00e4\u00dfiger Polizeigewalt. In Wut und Trauer rufen wir zu einer Demonstration gegen rassistische Polizeigewalt auf! Lasst uns den \u00f6ffentlichen Druck erh\u00f6hen und kommt mit uns auf die Stra\u00dfe!<br \/>\nEs bleiben viele offene Fragen. Wie konnte eine Verkehrskontrolle mit 34 Sch\u00fcssen enden? Warum gibt es keine Videoaufzeichnungen, obwohl so viele Polizeikameras vor Ort waren? Was hat die Polizei noch zu verbergen, wenn selbst die Staatsanwaltschaft ihre Darstellung anzweifelt?<br \/>\nUnsere Solidarit\u00e4t und unser Mitgef\u00fchl sind mit dem Betroffenen, seine Familie und Freund*innen!<br \/>\nUnabh\u00e4ngige l\u00fcckenlose Aufkl\u00e4rung!<br \/>\nNot only defund, abolish the police!<br \/>\nGerechtigkeit, Aufkl\u00e4rung und Konsequenzen f\u00fcr diesen und alle anderen F\u00e4lle von Polizeigewalt!<br \/>\nF\u00fcr eine unabh\u00e4ngige Ermittlungsstelle f\u00fcr Polizeigewalt!<br \/>\nSchlie\u00dft euch der Demo am 15.07.23 an! Die Demo wird um 14 Uhr am Bahnhof in Herford starten.<\/p>\n\n\n<p><\/p>\n","protected":false},"excerpt":{"rendered":"","protected":false},"author":2,"featured_media":0,"comment_status":"closed","ping_status":"closed","sticky":false,"template":"","format":"standard","meta":{"footnotes":""},"categories":[3],"tags":[],"class_list":["post-2350","post","type-post","status-publish","format-standard","hentry","category-archiv"],"_links":{"self":[{"href":"https:\/\/bielefelder-friedensini.de\/index.php?rest_route=\/wp\/v2\/posts\/2350","targetHints":{"allow":["GET"]}}],"collection":[{"href":"https:\/\/bielefelder-friedensini.de\/index.php?rest_route=\/wp\/v2\/posts"}],"about":[{"href":"https:\/\/bielefelder-friedensini.de\/index.php?rest_route=\/wp\/v2\/types\/post"}],"author":[{"embeddable":true,"href":"https:\/\/bielefelder-friedensini.de\/index.php?rest_route=\/wp\/v2\/users\/2"}],"replies":[{"embeddable":true,"href":"https:\/\/bielefelder-friedensini.de\/index.php?rest_route=%2Fwp%2Fv2%2Fcomments&post=2350"}],"version-history":[{"count":2,"href":"https:\/\/bielefelder-friedensini.de\/index.php?rest_route=\/wp\/v2\/posts\/2350\/revisions"}],"predecessor-version":[{"id":2525,"href":"https:\/\/bielefelder-friedensini.de\/index.php?rest_route=\/wp\/v2\/posts\/2350\/revisions\/2525"}],"wp:attachment":[{"href":"https:\/\/bielefelder-friedensini.de\/index.php?rest_route=%2Fwp%2Fv2%2Fmedia&parent=2350"}],"wp:term":[{"taxonomy":"category","embeddable":true,"href":"https:\/\/bielefelder-friedensini.de\/index.php?rest_route=%2Fwp%2Fv2%2Fcategories&post=2350"},{"taxonomy":"post_tag","embeddable":true,"href":"https:\/\/bielefelder-friedensini.de\/index.php?rest_route=%2Fwp%2Fv2%2Ftags&post=2350"}],"curies":[{"name":"wp","href":"https:\/\/api.w.org\/{rel}","templated":true}]}}