{"id":2356,"date":"2023-07-11T18:31:50","date_gmt":"2023-07-11T16:31:50","guid":{"rendered":"https:\/\/bielefelder-friedensini.de\/?p=2356"},"modified":"2024-02-09T12:35:38","modified_gmt":"2024-02-09T10:35:38","slug":"polis-yalan-soeylueyor","status":"publish","type":"post","link":"https:\/\/bielefelder-friedensini.de\/?p=2356","title":{"rendered":"Polis yalan s\u00f6yl\u00fcyor!"},"content":{"rendered":"\n<!--more-->\n\n\n<p>3 Haziran&#8217;da Herford&#8217;lu 19 ya\u015f\u0131ndaki g\u00f6\u00e7men bir gen\u00e7, kom\u015fu \u015fehirdeki \u00e7\u0131kmaz bir sokakta polis taraf\u0131ndan 34 kez vuruldu. Olay yerindeki 13 polis memurundan 6 s\u0131 ate\u015f etti. 19 ya\u015f\u0131ndaki gen\u00e7 en az alt\u0131 kez vuruldu. Bu \u015fiddetin nedeni: araban\u0131n \u0131\u015f\u0131ks\u0131z gezmesiydi. Muhtemelen s\u00fcr\u00fcc\u00fcn\u00fcn ehliyetsiz araba kullanmas\u0131 nedeniyle bir kovalamaca ba\u015flad\u0131 ve bu kovalamaca \u00e7\u0131kmaz sokakta son buldu. Polise g\u00f6re, 19 ya\u015f\u0131ndaki gen\u00e7 geri d\u00f6n\u00fcp kendilerine do\u011fru h\u0131zla geldi\u011fi i\u00e7in nefsi m\u00fcdafaa amac\u0131yla ate\u015f etmi\u015flerdir. Daha sonra, ikinci polis raporunda h\u0131zdan hi\u00e7 bir \u015fey bahsedilmiyor. 13 polis memurundan hi\u00e7birinin v\u00fccut kameralar\u0131 a\u00e7\u0131k de\u011fildi ve araban\u0131n kameralar\u0131 da a\u00e7\u0131k olmad\u0131\u011f\u0131na iddia ediliyor.<br \/>\nPolis memurlar\u0131 yaralama su\u00e7undan soru\u015fturuluyor, olaya kar\u0131\u015fan ki\u015fi ise cinayete te\u015febb\u00fcs su\u00e7undan soru\u015fturuluyor. Eyalet parlamentosunda yap\u0131lan \u00f6zel bir oturumda, polis memurlar\u0131 i\u00e7in masumiyet karinesinde \u0131srar edildi, ancak bu karine, vurulan adam i\u00e7in asla uygulanmad\u0131. Bu ki\u015fi bir dizi ameliyat ge\u00e7irdi ve daha ge\u00e7irmesi gereken bir ka\u00e7 ameliyat daha var. \u015eu anda fel\u00e7li oldu\u011fu varsay\u0131lmaktad\u0131r.<br \/>\nBu m\u00fcnferit bir vaka de\u011fil! Ne Herford&#8217;da ne de \u00f6tesinde.<br \/>\nBu bir \u0131rk\u00e7\u0131 ve a\u015f\u0131r\u0131 polis \u015fiddeti vakas\u0131 gibi g\u00f6r\u00fcnmektedir. \u00d6fke ve \u00fcz\u00fcnt\u00fc i\u00e7inde \u0131rk\u00e7\u0131 polis \u015fiddetine kar\u015f\u0131 bir protesto \u00e7a\u011fr\u0131s\u0131nda bulunuyoruz! Kamuoyu bask\u0131s\u0131n\u0131 artt\u0131ral\u0131m ve bizimle birlikte sokaklara \u00e7\u0131k\u0131n!<br \/>\nHala cevaplanmam\u0131\u015f pek \u00e7ok soru var. Bir trafik \u00e7evirmesi nas\u0131l 34 kere ate\u015f edilerek sonland\u0131r\u0131labilir? Olay yerinde \u00e7ok say\u0131da polis kameras\u0131 olmas\u0131na ra\u011fmen neden hi\u00e7bir video g\u00f6r\u00fcnt\u00fcs\u00fc yoktur? Savc\u0131l\u0131k bile polisin anlatt\u0131klar\u0131ndan \u015f\u00fcphe duyarken polisin saklayacak ba\u015fka neyi var?<br \/>\nDayan\u0131\u015fmam\u0131z ve sempatimiz bu ki\u015fi, ailesi ve arkada\u015flar\u0131yla birlikte!<br \/>\nBa\u011f\u0131ms\u0131z ve eksiksiz soru\u015fturma!<br \/>\nNot only defund, abolish the police!<br \/>\nBu ve di\u011fer polis \u015fiddeti vakalar\u0131 i\u00e7in adalet, a\u00e7\u0131klama ve sonu\u00e7lar!<br \/>\nPolis \u015fiddetinin ba\u011f\u0131ms\u0131z bir \u015fekilde soru\u015fturulmas\u0131 i\u00e7in!<br \/>\n15.07.23 tarihindeki protestoya kat\u0131l\u0131n! Protesto Herford&#8217;daki tren istasyonunda saat 14:00&#8217;te ba\u015flayacakt\u0131r.<\/p>","protected":false},"excerpt":{"rendered":"","protected":false},"author":2,"featured_media":0,"comment_status":"closed","ping_status":"closed","sticky":false,"template":"","format":"standard","meta":{"footnotes":""},"categories":[3],"tags":[],"class_list":["post-2356","post","type-post","status-publish","format-standard","hentry","category-archiv"],"_links":{"self":[{"href":"https:\/\/bielefelder-friedensini.de\/index.php?rest_route=\/wp\/v2\/posts\/2356","targetHints":{"allow":["GET"]}}],"collection":[{"href":"https:\/\/bielefelder-friedensini.de\/index.php?rest_route=\/wp\/v2\/posts"}],"about":[{"href":"https:\/\/bielefelder-friedensini.de\/index.php?rest_route=\/wp\/v2\/types\/post"}],"author":[{"embeddable":true,"href":"https:\/\/bielefelder-friedensini.de\/index.php?rest_route=\/wp\/v2\/users\/2"}],"replies":[{"embeddable":true,"href":"https:\/\/bielefelder-friedensini.de\/index.php?rest_route=%2Fwp%2Fv2%2Fcomments&post=2356"}],"version-history":[{"count":2,"href":"https:\/\/bielefelder-friedensini.de\/index.php?rest_route=\/wp\/v2\/posts\/2356\/revisions"}],"predecessor-version":[{"id":2522,"href":"https:\/\/bielefelder-friedensini.de\/index.php?rest_route=\/wp\/v2\/posts\/2356\/revisions\/2522"}],"wp:attachment":[{"href":"https:\/\/bielefelder-friedensini.de\/index.php?rest_route=%2Fwp%2Fv2%2Fmedia&parent=2356"}],"wp:term":[{"taxonomy":"category","embeddable":true,"href":"https:\/\/bielefelder-friedensini.de\/index.php?rest_route=%2Fwp%2Fv2%2Fcategories&post=2356"},{"taxonomy":"post_tag","embeddable":true,"href":"https:\/\/bielefelder-friedensini.de\/index.php?rest_route=%2Fwp%2Fv2%2Ftags&post=2356"}],"curies":[{"name":"wp","href":"https:\/\/api.w.org\/{rel}","templated":true}]}}