{"id":2367,"date":"2023-07-23T18:29:17","date_gmt":"2023-07-23T16:29:17","guid":{"rendered":"https:\/\/bielefelder-friedensini.de\/?p=2367"},"modified":"2023-07-30T12:06:17","modified_gmt":"2023-07-30T10:06:17","slug":"auf-achse-fuer-frieden-entspannungspolitik-abruestung-fuer-klima-umweltschutz","status":"publish","type":"post","link":"https:\/\/bielefelder-friedensini.de\/?p=2367","title":{"rendered":"Auf Achse f\u00fcr Frieden, Entspannungspolitik &#038; Abr\u00fcstung\u2013 f\u00fcr Klima- &#038; Umweltschutz"},"content":{"rendered":"\n<p class=\"has-medium-font-size\"><strong>Samstag, 29. Juli 16.00 Kesselbrink<\/strong><\/p>\n\n\n\n<p>Die Friedensfahrerinnen und Friedensfahrer der DFG-VK Fahrradtour 2023 erreichen am Samstag, den 29. Juli das Ziel ihrer ersten Etappe in Bielefeld.&nbsp; Die Friedensinitiative Bielefeld\/OWL wird die Fahrradfahrerinnen und Fahrradfahrer ab 16.00 Uhr auf dem Kesselbrink in Bielefeld mit einer Kundgebung &nbsp;begr\u00fc\u00dfen.<\/p>\n\n\n\n<p>Sie l\u00e4dt alle interessierten Menschen ein, an diesem Empfang teilzunehmen. Es wird Musik und Informationen geben \u00fcber die Ziele und Ablauf der Friedensfahrradtour; es werden alte und neue Friedenslieder vorgetragen. Es gibt Ansprachen \u00fcber den \u00fcberbordenden R\u00fcstungshaushalt und die Gefahren einer atomaren Katastrophe.<\/p>\n\n\n\n<p><\/p>\n\n\n\n<figure class=\"wp-block-image size-full is-resized\"><a href=\"https:\/\/bielefelder-friedensini.de\/wp-content\/uploads\/2023\/07\/grafik-1.png\"><img loading=\"lazy\" decoding=\"async\" src=\"https:\/\/bielefelder-friedensini.de\/wp-content\/uploads\/2023\/07\/grafik-1.png\" alt=\"\" class=\"wp-image-2368\" width=\"574\" height=\"431\" srcset=\"https:\/\/bielefelder-friedensini.de\/wp-content\/uploads\/2023\/07\/grafik-1.png 333w, https:\/\/bielefelder-friedensini.de\/wp-content\/uploads\/2023\/07\/grafik-1-300x225.png 300w\" sizes=\"auto, (max-width: 574px) 100vw, 574px\" \/><\/a><\/figure>\n\n\n\n<p><strong>Auf Achse f\u00fcr Frieden, Entspannungspolitik &amp; Abr\u00fcstung\u2013 f\u00fcr Klima- &amp; Umweltschutz<\/strong><\/p>\n\n\n\n<p><strong>29. Juli bis 6. August 2023, von Paderborn nach K\u00f6ln<\/strong><\/p>\n\n\n\n<p>wird organisiert von der DFG-VK (Deutsche friedensgesellschaftt \u2013 Vereinigung der Kriegsdienstgegner) Nordrhein-Westfalen.<\/p>\n\n\n\n<p class=\"has-medium-font-size\">Krieg, wirtschaftliche Not, Klimawandel, Fluchtbewegungen: Seit Beginn des Ukraine-Krieges erleben wir diese negativen Entwicklungen besonders drastisch.<\/p>\n\n\n\n<p><strong>Gemeinsame Sicherheit statt Kriegs- und Konfrontationspolitik!<\/strong><br>Wir setzen uns ein f\u00fcr ein sofortiges Ende des Krieges durch einen Waffenstillstand und eine Verhandlungsl\u00f6sung! Dieser Krieg l\u00e4sst uns Schlimmes f\u00fcr unsere Zukunft bef\u00fcrchten: Wenn die Welt wieder in neue, verfeindete Bl\u00f6cke versinkt, r\u00fcckt die L\u00f6sung des Klimaproblems in noch weitere Ferne. Frieden schafft man nicht durch Waffenlieferungen in Konfliktgebiete, wir setzen uns ein f\u00fcr Abr\u00fcstung auf allen Seiten, f\u00fcr ein europ\u00e4isches Sicherheitssystem von Lissabon bis Wladiwostok. Daher demonstrieren wir auf unserer Tour an Orten, an denen auch bei uns Waffen stationiert sind, Vorbereitungen f\u00fcr einen m\u00f6glichen Kriegseinsatz getroffen werden: In Paderborn, D\u00fclmen, M\u00fcnster oder D\u00fcsseldorf.<\/p>\n\n\n\n<p><strong>Der Atomkriegsgefahr entgegentreten!<\/strong><br>Vor dem Hintergrund des Ukrainekrieges sind nun Stimmen zu h\u00f6ren, die die Schrecken eines Atomkrieges kleinreden und damit die Warnungen vor einer m\u00f6glichen Eskalation des Krieges zur\u00fcckweisen. Doch der Schritt vom konventionellen zum alles zerst\u00f6renden Atomkrieg ist nicht mehr undenkbar. In dieser Situation will die Bundesregierung neue Atombomber f\u00fcr die Bundeswehr kaufen, in K\u00fcrze sollen in B\u00fcchel in der Eifel neue B-61 Atombomben stationiert werden. Das darf nicht unwidersprochen bleiben! Daher endet unsere Tour am Vorabend des Hiroshimatages mit einer Protest- und Gedenkaktion in K\u00f6ln.<\/p>\n\n\n\n<p>Hier unsere <a rel=\"noreferrer noopener\" href=\"https:\/\/nrw.dfg-vk.de\/wp-content\/uploads\/sites\/19\/2023\/05\/Etappen-2023.pdf\" target=\"_blank\"><strong>aktuelle Etappenliste \u2026\u2026.<\/strong><\/a><\/p>\n\n\n\n<p><\/p>\n\n\n\n<p>Hier unser <a href=\"https:\/\/nrw.dfg-vk.de\/wp-content\/uploads\/sites\/19\/2023\/05\/DFG-VK-Flyer-FFT-2023-v01_compressed.pdf\" target=\"_blank\" rel=\"noreferrer noopener\"><strong>Flyer mit weiteren Infos<\/strong> \u2026..<\/a><\/p>\n\n\n\n<p><strong>Anmeldung<\/strong> per Mail an: <a href=\"mailto:FFT23@web.de\" target=\"_blank\" rel=\"noreferrer noopener\">FFT23@web.de<\/a><\/p>\n","protected":false},"excerpt":{"rendered":"<p>Samstag, 29. Juli 16.00 Kesselbrink Die Friedensfahrerinnen und Friedensfahrer der DFG-VK Fahrradtour 2023 erreichen am Samstag, den 29. Juli das Ziel ihrer ersten Etappe in Bielefeld.&nbsp; Die Friedensinitiative Bielefeld\/OWL wird die Fahrradfahrerinnen und Fahrradfahrer ab 16.00 Uhr auf dem Kesselbrink in Bielefeld mit einer Kundgebung &nbsp;begr\u00fc\u00dfen. Sie l\u00e4dt alle interessierten Menschen ein, an diesem Empfang &hellip; <a href=\"https:\/\/bielefelder-friedensini.de\/?p=2367\" class=\"more-link\"><span class=\"screen-reader-text\">Auf Achse f\u00fcr Frieden, Entspannungspolitik &#038; Abr\u00fcstung\u2013 f\u00fcr Klima- &#038; Umweltschutz<\/span> weiterlesen <span class=\"meta-nav\">&rarr;<\/span><\/a><\/p>\n","protected":false},"author":2,"featured_media":0,"comment_status":"closed","ping_status":"closed","sticky":false,"template":"","format":"standard","meta":{"footnotes":""},"categories":[1],"tags":[],"class_list":["post-2367","post","type-post","status-publish","format-standard","hentry","category-aktuelles"],"_links":{"self":[{"href":"https:\/\/bielefelder-friedensini.de\/index.php?rest_route=\/wp\/v2\/posts\/2367","targetHints":{"allow":["GET"]}}],"collection":[{"href":"https:\/\/bielefelder-friedensini.de\/index.php?rest_route=\/wp\/v2\/posts"}],"about":[{"href":"https:\/\/bielefelder-friedensini.de\/index.php?rest_route=\/wp\/v2\/types\/post"}],"author":[{"embeddable":true,"href":"https:\/\/bielefelder-friedensini.de\/index.php?rest_route=\/wp\/v2\/users\/2"}],"replies":[{"embeddable":true,"href":"https:\/\/bielefelder-friedensini.de\/index.php?rest_route=%2Fwp%2Fv2%2Fcomments&post=2367"}],"version-history":[{"count":4,"href":"https:\/\/bielefelder-friedensini.de\/index.php?rest_route=\/wp\/v2\/posts\/2367\/revisions"}],"predecessor-version":[{"id":2372,"href":"https:\/\/bielefelder-friedensini.de\/index.php?rest_route=\/wp\/v2\/posts\/2367\/revisions\/2372"}],"wp:attachment":[{"href":"https:\/\/bielefelder-friedensini.de\/index.php?rest_route=%2Fwp%2Fv2%2Fmedia&parent=2367"}],"wp:term":[{"taxonomy":"category","embeddable":true,"href":"https:\/\/bielefelder-friedensini.de\/index.php?rest_route=%2Fwp%2Fv2%2Fcategories&post=2367"},{"taxonomy":"post_tag","embeddable":true,"href":"https:\/\/bielefelder-friedensini.de\/index.php?rest_route=%2Fwp%2Fv2%2Ftags&post=2367"}],"curies":[{"name":"wp","href":"https:\/\/api.w.org\/{rel}","templated":true}]}}