{"id":2413,"date":"2023-09-06T00:01:50","date_gmt":"2023-09-05T22:01:50","guid":{"rendered":"https:\/\/bielefelder-friedensini.de\/?p=2413"},"modified":"2024-02-09T15:42:13","modified_gmt":"2024-02-09T13:42:13","slug":"afrika","status":"publish","type":"post","link":"https:\/\/bielefelder-friedensini.de\/?p=2413","title":{"rendered":"Texte, Videos und mehr zu Niger, Gabun und Afrika"},"content":{"rendered":"\n<p class=\"has-medium-font-size\"><\/p>\n\n\n\n<p class=\"has-medium-font-size\"><strong>Putsch in Niger \u2013 Blick hinter die Kulissen<\/strong><\/p>\n\n\n\n<p>\u201eWie real ist Demokratie und der Einfluss der Menschen in einem Land eigentlich, wenn das Gros bis zum Umfallen f\u00fcr das \u00dcberleben schuften musss und gerade mal 10% der Einnahmen im eigenen Land verbleiben \u2013 und davon das meiste bei der mit dem Ausland verbandelten Oberschicht landet?\u201c<\/p>\n\n\n\n<!--more-->\n\n\n\n<figure class=\"wp-block-embed is-type-wp-embed is-provider-forum-gewerkschaftliche-linke-berlin wp-block-embed-forum-gewerkschaftliche-linke-berlin\"><div class=\"wp-block-embed__wrapper\">\n<blockquote class=\"wp-embedded-content\" data-secret=\"2GolMm7VxL\"><a href=\"https:\/\/gewerkschaftliche-linke-berlin.de\/putsch-in-niger-blick-hinter-die-kulissen\/\">Putsch in Niger   &#8211; Blick hinter die Kulissen<\/a><\/blockquote><iframe loading=\"lazy\" class=\"wp-embedded-content\" sandbox=\"allow-scripts\" security=\"restricted\" style=\"position: absolute; clip: rect(1px, 1px, 1px, 1px);\" title=\"&#8222;Putsch in Niger   &#8211; Blick hinter die Kulissen&#8220; &#8212; Forum Gewerkschaftliche Linke Berlin\" src=\"https:\/\/gewerkschaftliche-linke-berlin.de\/putsch-in-niger-blick-hinter-die-kulissen\/embed\/#?secret=KHe5RKtYlf#?secret=2GolMm7VxL\" data-secret=\"2GolMm7VxL\" width=\"600\" height=\"338\" frameborder=\"0\" marginwidth=\"0\" marginheight=\"0\" scrolling=\"no\"><\/iframe>\n<\/div><\/figure>\n\n\n\n<p class=\"has-medium-font-size\"><strong>Endlich mal ein sinnvoller Putsch<\/strong><\/p>\n\n\n\n<p>Beim Umsturz in Gabun ist der Herrscher einer m\u00e4chtigen Familie abgesetzt worden. Ob es einen demokratischen Aufbruch geben kann, ist ungewiss.<\/p>\n\n\n\n<p class=\"has-medium-font-size\"><a href=\"https:\/\/taz.de\/Staatsstreich-in-Gabun\/!5953296\/\">https:\/\/taz.de\/Staatsstreich-in-Gabun\/!5953296\/<\/a><\/p>\n\n\n\n<p class=\"has-medium-font-size\"><strong>Das korrupte System Bongo<\/strong><\/p>\n\n\n\n<p>Gabuns schwerreiche Herrscherfamilie war eng mit der fr\u00fcheren Kolonialmacht Frankreich verflochten. Dort laufen Ermittlungen gegen sie.<\/p>\n\n\n\n<p><a href=\"https:\/\/taz.de\/Putsch-in-Gabun\/!5957234\/\">https:\/\/taz.de\/Putsch-in-Gabun\/!5957234\/<\/a><\/p>\n\n\n\n<p class=\"has-medium-font-size\"><strong>Globaler S\u00fcden will nicht mehr vom Westen ausgepl\u00fcndert werden<\/strong><\/p>\n\n\n\n<p>\u201eIn Frankreich gibt es keine einzige aktive Goldmine. Dennoch besitzt dieser (ehemals) verbrecherische Kolonialstaat mit 2436 Tonnen die viertgr\u00f6ssten Goldreserven der Welt.\u201c<\/p>\n\n\n\n<p>Von <a href=\"https:\/\/weltwoche.ch\/autor\/martin-sonneborn-und-claudia-latour\/\">Martin Sonneborn und Claudia Latour<\/a><\/p>\n\n\n\n<p><a href=\"https:\/\/weltwoche.ch\/daily\/aufstand-in-niger-warum-die-buerger-in-den-west-und-zentralafrikanischen-staaten-nicht-die-franzoesische-trikolore-oder-das-kobaltblaue-europabanner-sondern-die-flagge-russlands-bei-sich-tragen\/\">https:\/\/weltwoche.ch\/daily\/aufstand-in-niger-warum-die-buerger-in-den-west-und-zentralafrikanischen-staaten-nicht-die-franzoesische-trikolore-oder-das-kobaltblaue-europabanner-sondern-die-flagge-russlands-bei-sich-tragen\/<\/a><\/p>\n\n\n\n<p class=\"has-medium-font-size\"><strong>Frankreich und das nigrische Uran<\/strong><\/p>\n\n\n\n<p>Ein Hintergrundtext zu Frankreichs andauerndem Neokolonialismus in Niger \u2013 anl\u00e4sslich des aktuellen Milit\u00e4rputsches<\/p>\n\n\n\n<p><a href=\"https:\/\/www.rosalux.de\/news\/id\/50835\/frankreich-und-das-nigrische-uran\">https:\/\/www.rosalux.de\/news\/id\/50835\/frankreich-und-das-nigrische-uran<\/a><\/p>\n\n\n\n<p class=\"has-medium-font-size\"><strong>Niger: Uran und die Folgen | ARTE Reportage<\/strong><\/p>\n\n\n\n<p>\u201eDie ersten Uranvorkommen entdeckte die ehemalige Kolonialmacht Frankreich Ende der 1960er Jahre in der Sahara Nigers. Um die europ\u00e4ischen Kernkraftwerke zu versorgen, gr\u00fcndete das Unternehmen Orano zwei Minen.\u201c<\/p>\n\n\n\n<figure class=\"wp-block-embed is-type-video is-provider-youtube wp-block-embed-youtube wp-embed-aspect-16-9 wp-has-aspect-ratio\"><div class=\"wp-block-embed__wrapper\">\n<iframe loading=\"lazy\" title=\"Niger: Uran und die Folgen | ARTE Reportage\" width=\"604\" height=\"340\" src=\"https:\/\/www.youtube.com\/embed\/fc_ovfxJQug?feature=oembed\" frameborder=\"0\" allow=\"accelerometer; autoplay; clipboard-write; encrypted-media; gyroscope; picture-in-picture; web-share\" referrerpolicy=\"strict-origin-when-cross-origin\" allowfullscreen><\/iframe>\n<\/div><\/figure>\n\n\n\n<p class=\"has-medium-font-size\"><a href=\"https:\/\/www.imi-online.de\/2023\/08\/04\/vorbereitung-eines-angriffkriegs\/\"><strong>Kommt nun der Showdown im Sahel?<\/strong><\/a><\/p>\n\n\n\n<p>Ein weiterer Krieg f\u00fcr Bodensch\u00e4tze?<\/p>\n\n\n\n<figure class=\"wp-block-embed is-type-wp-embed is-provider-informationsstelle-militarisierung-imi wp-block-embed-informationsstelle-militarisierung-imi\"><div class=\"wp-block-embed__wrapper\">\n<blockquote class=\"wp-embedded-content\" data-secret=\"qxgtdkF56U\"><a href=\"https:\/\/www.imi-online.de\/2023\/08\/04\/vorbereitung-eines-angriffkriegs\/\">Kommt nun der Showdown im Sahel?<\/a><\/blockquote><iframe loading=\"lazy\" class=\"wp-embedded-content\" sandbox=\"allow-scripts\" security=\"restricted\" style=\"position: absolute; clip: rect(1px, 1px, 1px, 1px);\" title=\"&#8222;Kommt nun der Showdown im Sahel?&#8220; &#8212; Informationsstelle Militarisierung (IMI)\" src=\"https:\/\/www.imi-online.de\/2023\/08\/04\/vorbereitung-eines-angriffkriegs\/embed\/#?secret=0T4KzzLUyS#?secret=qxgtdkF56U\" data-secret=\"qxgtdkF56U\" width=\"600\" height=\"338\" frameborder=\"0\" marginwidth=\"0\" marginheight=\"0\" scrolling=\"no\"><\/iframe>\n<\/div><\/figure>\n\n\n\n<p class=\"has-medium-font-size\"><strong>Nach dem Putsch: Jetzt wird Niger ausgehungert<\/strong><\/p>\n\n\n\n<p>Die Weltbank stellt Zahlungen ein. Die Stromzufuhr wird begrenzt und es wird mit milit\u00e4rischen Mitteln gedroht. Spielt die Bev\u00f6lkerung keine Rolle?<\/p>\n\n\n\n<p><a href=\"https:\/\/www.telepolis.de\/features\/Nach-dem-Putsch-Jetzt-wird-Niger-ausgehungert-9234042.html\">https:\/\/www.telepolis.de\/features\/Nach-dem-Putsch-Jetzt-wird-Niger-ausgehungert-9234042.html<\/a><\/p>\n\n\n\n<p class=\"has-medium-font-size\"><strong>T\u00f6dliche Sanktionen<\/strong><\/p>\n\n\n\n<p style=\"font-size:16px\">Von Berlin und der EU bef\u00fcrwortete Sanktionen drohen Niger in eine Hungerkatastrophe zu treiben.<\/p>\n\n\n\n<p><a href=\"https:\/\/www.german-foreign-policy.com\/news\/detail\/9331\">https:\/\/www.german-foreign-policy.com\/news\/detail\/9331<\/a><\/p>\n\n\n\n<p class=\"has-medium-font-size\"><strong>Die Putsche sind erst der Anfang<\/strong><\/p>\n\n\n\n<p>In der Phase der Umw\u00e4lzungen: Eine neue Generation will ein selbstbewusstes Afrika entstehen lassen, das sich vom kolonialen Erbe emanzipiert.<\/p>\n\n\n\n<p><a href=\"https:\/\/taz.de\/Afrika-nach-Staatsstreich-in-Niger\/!5944159\/\">https:\/\/taz.de\/Afrika-nach-Staatsstreich-in-Niger\/!5944159\/<\/a><\/p>\n\n\n\n<p class=\"has-medium-font-size\"><strong>\u00abWir wollen keine Toten f\u00fcr eine Demokratie, die keine ist\u00bb<\/strong><\/p>\n\n\n\n<p>Aminata Dramane Traor\u00e9 \u00fcber Demokratie in Westafrika und westliche Einflussnahme<\/p>\n\n\n\n<p><a href=\"https:\/\/www.rosalux.de\/news\/id\/50951\/wir-wollen-keine-toten-fuer-eine-demokratie-die-keine-ist\">https:\/\/www.rosalux.de\/news\/id\/50951\/wir-wollen-keine-toten-fuer-eine-demokratie-die-keine-ist<\/a><\/p>\n\n\n\n<p class=\"has-medium-font-size\"><strong>&#8222;Was wissen die von uns? Nichts!&#8220;<\/strong><\/p>\n\n\n\n<p>Der Putsch im Niger l\u00e4sst sich nur mit dem historischen Einfluss Frankreichs erkl\u00e4ren, sagt der Afrika-Forscher Mamadou Diawara.<\/p>\n\n\n\n<p><a href=\"https:\/\/www.zeit.de\/2023\/35\/niger-putsch-frankreich-kolonialismus-afrika\">https:\/\/www.zeit.de\/2023\/35\/niger-putsch-frankreich-kolonialismus-afrika<\/a><\/p>\n\n\n\n<p class=\"has-medium-font-size\"><strong>Milit\u00e4rinvasion in den Niger?<\/strong><\/p>\n\n\n\n<p>Westafrika droht ein regionaler Krieg mit katastrophalen Folgen<\/p>\n\n\n\n<p><a href=\"https:\/\/www.rosalux.de\/news\/id\/50874\/militaerinvasion-in-den-niger\">https:\/\/www.rosalux.de\/news\/id\/50874\/militaerinvasion-in-den-niger<\/a><\/p>\n\n\n\n<p class=\"has-medium-font-size\"><strong>Brandrede gegen Afrika<\/strong><\/p>\n\n\n\n<p>Emmanuel Macron: Frankreich darf auf dem Kontinent keine Schw\u00e4che zeigen. Demonstranten unterst\u00fctzen Milit\u00e4rregierung in Niamey<\/p>\n\n\n\n<p><a href=\"https:\/\/www.jungewelt.de\/artikel\/457853.frankreich-und-niger-brandrede-gegen-afrika.html?sstr=afrika\">https:\/\/www.jungewelt.de\/artikel\/457853.frankreich-und-niger-brandrede-gegen-afrika.html?sstr=afrika<\/a><\/p>\n\n\n\n<p class=\"has-medium-font-size\"><strong>Die letzte Entkolonisierung?<\/strong><\/p>\n\n\n\n<p>Der Historiker Achille Mbembe sieht in den Putschen im Niger, in Mali und Burkina Faso auch eine Chance f\u00fcr die Entstehung einer substanziellen Demokratie.<\/p>\n\n\n\n<p><a href=\"https:\/\/www.akweb.de\/politik\/putsch-in-niger-die-letzte-entkolonisierung\/\">https:\/\/www.akweb.de\/politik\/putsch-in-niger-die-letzte-entkolonisierung\/<\/a><\/p>\n\n\n\n<p class=\"has-medium-font-size\"><strong>Thomas Sankara<\/strong><\/p>\n\n\n\n<p>Sankara lehnte eine R\u00fcckzahlung der Schulden der <a href=\"https:\/\/de.wikipedia.org\/wiki\/Dritte_Welt\">Dritten Welt<\/a> an den <a href=\"https:\/\/de.wikipedia.org\/wiki\/Westliche_Welt\">Westen<\/a> ab und initiierte eine ambitionierte <a href=\"https:\/\/de.wikipedia.org\/wiki\/Gesundheitspolitik\">Gesundheits-<\/a> und <a href=\"https:\/\/de.wikipedia.org\/wiki\/Frauenpolitik\">Frauenpolitik<\/a>.<\/p>\n\n\n\n<p><a href=\"https:\/\/de.wikipedia.org\/wiki\/Thomas_Sankara\">https:\/\/de.wikipedia.org\/wiki\/Thomas_Sankara<\/a><\/p>\n\n\n\n<p class=\"has-medium-font-size\"><strong>Thomas Sankara <\/strong> &#8211;<strong> Der Che Schwarzafrikas<\/strong><\/p>\n\n\n\n<p><a href=\"https:\/\/www.youtube.com\/watch?v=yRDHD9gKpNQ\">Link zur Arte-Doku<\/a><\/p>\n\n\n\n<figure class=\"wp-block-embed is-type-video is-provider-youtube wp-block-embed-youtube wp-embed-aspect-4-3 wp-has-aspect-ratio\"><div class=\"wp-block-embed__wrapper\">\n<iframe loading=\"lazy\" title=\"Thomas Sankara -  Der Che Schwarzafrikas Part 1\" width=\"604\" height=\"453\" src=\"https:\/\/www.youtube.com\/embed\/yRDHD9gKpNQ?feature=oembed\" frameborder=\"0\" allow=\"accelerometer; autoplay; clipboard-write; encrypted-media; gyroscope; picture-in-picture; web-share\" referrerpolicy=\"strict-origin-when-cross-origin\" allowfullscreen><\/iframe>\n<\/div><\/figure>\n\n\n\n<p class=\"has-medium-font-size\"><a href=\"https:\/\/www.gemeinsam-fuer-afrika.de\/patrice-emery-lumumba-symbolfigur-gegen-den-kolonialismus\/\"><strong>Patrice Em\u00e9ry Lumumba: Symbolfigur f\u00fcr den Kampf gegen den Kolonialismus<\/strong><\/a><\/p>\n\n\n\n<p>Auf der Suche nach den&nbsp;gro\u00dfen&nbsp;<a href=\"https:\/\/www.gemeinsam-fuer-afrika.de\/von-a-wie-achterbahn-bis-c-wie-computer\/\">Bodensch\u00e4tzen<\/a>&nbsp;des Kongos&nbsp;t\u00f6tete&nbsp;das belgische K\u00f6nigreich&nbsp;w\u00e4hrend der Besatzungszeit mindestens f\u00fcnf Millionen&nbsp;Kongolesinnen und Kongolesen,&nbsp;das entsprach 40% der Gesamtbev\u00f6lkerung.&nbsp;&nbsp;<\/p>\n\n\n\n<figure class=\"wp-block-embed is-type-wp-embed is-provider-gemeinsam-f-r-afrika wp-block-embed-gemeinsam-f-r-afrika\"><div class=\"wp-block-embed__wrapper\">\n<blockquote class=\"wp-embedded-content\" data-secret=\"N3gjiDvlOT\"><a href=\"https:\/\/www.gemeinsam-fuer-afrika.de\/patrice-emery-lumumba-symbolfigur-gegen-den-kolonialismus\/\">Patrice Em\u00e9ry Lumumba: Symbolfigur f\u00fcr den Kampf gegen den Kolonialismus<\/a><\/blockquote><iframe loading=\"lazy\" class=\"wp-embedded-content\" sandbox=\"allow-scripts\" security=\"restricted\" style=\"position: absolute; clip: rect(1px, 1px, 1px, 1px);\" title=\"&#8222;Patrice Em\u00e9ry Lumumba: Symbolfigur f\u00fcr den Kampf gegen den Kolonialismus&#8220; &#8212; GEMEINSAM F\u00dcR AFRIKA\" src=\"https:\/\/www.gemeinsam-fuer-afrika.de\/patrice-emery-lumumba-symbolfigur-gegen-den-kolonialismus\/embed\/#?secret=XqyND3x4Ds#?secret=N3gjiDvlOT\" data-secret=\"N3gjiDvlOT\" width=\"600\" height=\"338\" frameborder=\"0\" marginwidth=\"0\" marginheight=\"0\" scrolling=\"no\"><\/iframe>\n<\/div><\/figure>\n\n\n\n<p class=\"has-medium-font-size\"><strong>Kongolesischer Freiheitsheld Patrice Lumumba vor 60 Jahren ermordet<\/strong><\/p>\n\n\n\n<p>Am Tag der Unabh\u00e4ngigkeit, dem 30. Juni 1960, hielt Lumumba eine Rede, die in die Geschichte einging. Er rechnete mit Belgien ab und macht allen klar, dass er der schrankenlosen Ausbeutung der Reicht\u00fcmer des Landes ein Ende bereiten werde.<\/p>\n\n\n\n<p><a href=\"https:\/\/www.derstandard.de\/story\/2000123319310\/kongolesischer-freiheitsheld-patrice-lumumba-vor-60-jahren-ermordet\">https:\/\/www.derstandard.de\/story\/2000123319310\/kongolesischer-freiheitsheld-patrice-lumumba-vor-60-jahren-ermordet<\/a><\/p>\n\n\n\n<p class=\"has-medium-font-size\"><strong>Kongo: Der Mordfall Lumumba<\/strong><\/p>\n\n\n\n<p>Es ist ein Verbrechen, das Afrika bis heute besch\u00e4ftigt: Vor 55 Jahren wurde Patrice Lumumba ermordet, mit Hilfe von US-Geheimdienst und belgischer Regierung.<\/p>\n\n\n\n<p><a href=\"https:\/\/www.dw.com\/de\/kongo-und-der-mordfall-lumumba\/a-18982154\">https:\/\/www.dw.com\/de\/kongo-und-der-mordfall-lumumba\/a-18982154<\/a><\/p>\n\n\n\n<p class=\"has-medium-font-size\"><strong>Der t\u00f6dliche Mut des Patrice Lumumba<\/strong><\/p>\n\n\n\n<p>Am 17. Januar 1961 starb der erste Regierungschef des unabh\u00e4ngigen Kongo: Patrice Lumumba. Er hatte selbstbewusst wirkliche Unabh\u00e4ngigkeit von den Kolonialm\u00e4chten gefordert \u2013 und bezahlte daf\u00fcr mit seinem Leben. Das Verbrechen wirkt bis heute nach.<\/p>\n\n\n\n<p><a href=\"https:\/\/www.deutschlandfunkkultur.de\/kongolesischer-unabhaengigkeitsheld-der-toedliche-mut-des-100.html\">https:\/\/www.deutschlandfunkkultur.de\/kongolesischer-unabhaengigkeitsheld-der-toedliche-mut-des-100.html<\/a><\/p>\n\n\n\n<p class=\"has-medium-font-size\"><strong>Howard W. French \u2013 Afrika und die Entstehung der modernen Welt. Eine Globalgeschichte<\/strong><\/p>\n\n\n\n<p><a href=\"https:\/\/www.swr.de\/swr2\/literatur\/howard-w-french-afrika-und-die-entstehung-der-modernen-welt-eine-globalgeschichte-swr2-lesenswert-kritik-2023-05-31-100.html\">https:\/\/www.swr.de\/swr2\/literatur\/howard-w-french-afrika-und-die-entstehung-der-modernen-welt-eine-globalgeschichte-swr2-lesenswert-kritik-2023-05-31-100.html<\/a><\/p>\n","protected":false},"excerpt":{"rendered":"<p>Putsch in Niger \u2013 Blick hinter die Kulissen \u201eWie real ist Demokratie und der Einfluss der Menschen in einem Land eigentlich, wenn das Gros bis zum Umfallen f\u00fcr das \u00dcberleben schuften musss und gerade mal 10% der Einnahmen im eigenen Land verbleiben \u2013 und davon das meiste bei der mit dem Ausland verbandelten Oberschicht landet?\u201c<\/p>\n","protected":false},"author":2,"featured_media":0,"comment_status":"closed","ping_status":"closed","sticky":false,"template":"","format":"standard","meta":{"footnotes":""},"categories":[1],"tags":[],"class_list":["post-2413","post","type-post","status-publish","format-standard","hentry","category-aktuelles"],"_links":{"self":[{"href":"https:\/\/bielefelder-friedensini.de\/index.php?rest_route=\/wp\/v2\/posts\/2413","targetHints":{"allow":["GET"]}}],"collection":[{"href":"https:\/\/bielefelder-friedensini.de\/index.php?rest_route=\/wp\/v2\/posts"}],"about":[{"href":"https:\/\/bielefelder-friedensini.de\/index.php?rest_route=\/wp\/v2\/types\/post"}],"author":[{"embeddable":true,"href":"https:\/\/bielefelder-friedensini.de\/index.php?rest_route=\/wp\/v2\/users\/2"}],"replies":[{"embeddable":true,"href":"https:\/\/bielefelder-friedensini.de\/index.php?rest_route=%2Fwp%2Fv2%2Fcomments&post=2413"}],"version-history":[{"count":5,"href":"https:\/\/bielefelder-friedensini.de\/index.php?rest_route=\/wp\/v2\/posts\/2413\/revisions"}],"predecessor-version":[{"id":2526,"href":"https:\/\/bielefelder-friedensini.de\/index.php?rest_route=\/wp\/v2\/posts\/2413\/revisions\/2526"}],"wp:attachment":[{"href":"https:\/\/bielefelder-friedensini.de\/index.php?rest_route=%2Fwp%2Fv2%2Fmedia&parent=2413"}],"wp:term":[{"taxonomy":"category","embeddable":true,"href":"https:\/\/bielefelder-friedensini.de\/index.php?rest_route=%2Fwp%2Fv2%2Fcategories&post=2413"},{"taxonomy":"post_tag","embeddable":true,"href":"https:\/\/bielefelder-friedensini.de\/index.php?rest_route=%2Fwp%2Fv2%2Ftags&post=2413"}],"curies":[{"name":"wp","href":"https:\/\/api.w.org\/{rel}","templated":true}]}}