{"id":2448,"date":"2023-11-15T19:44:23","date_gmt":"2023-11-15T17:44:23","guid":{"rendered":"https:\/\/bielefelder-friedensini.de\/?p=2448"},"modified":"2024-02-09T15:44:43","modified_gmt":"2024-02-09T13:44:43","slug":"stoppt-den-krieg-in-palaestina-und-israel-stoppt-die-humanitaere-katastrophe-in-gaza","status":"publish","type":"post","link":"https:\/\/bielefelder-friedensini.de\/?p=2448","title":{"rendered":"Stoppt den Krieg in Pal\u00e4stina und Israel! Stoppt die humanit\u00e4re Katastrophe in Gaza!"},"content":{"rendered":"\n<p style=\"font-size:20px\"><strong>Mahnwache und Kundgebung<\/strong><\/p>\n\n\n\n<p style=\"font-size:20px\"><strong>Samstag 28.10., 14 Uhr, Rathausvorplatz, Bielefeld<\/strong><\/p>\n\n\n\n<!--more-->\n\n\n\n<ul class=\"wp-block-list\">\n<li style=\"font-size:22px\"><strong>F\u00fcr ein Ende der Gewalt in Israel und Pal\u00e4stina!<\/strong><\/li>\n\n\n\n<li style=\"font-size:22px\"><strong>F\u00fcr die Deeskalation und einen sofortigen Waffenstillstand!<\/strong><\/li>\n\n\n\n<li style=\"font-size:22px\"><strong>F\u00fcr die Einrichtung von Korridoren f\u00fcr die sichere Lieferung von dringend ben\u00f6tigten und lebenswichtigen Hilfsg\u00fctern nach Gaza!<\/strong><\/li>\n\n\n\n<li style=\"font-size:22px\"><strong>F\u00fcr die Einhaltung und Wahrung des V\u00f6lkerrechts, insbesondere der Genfer Konventionen!<\/strong><\/li>\n\n\n\n<li style=\"font-size:22px\"><strong>F\u00fcr unabh\u00e4ngige Ermittlungen zu den Kriegsverbrechen!<\/strong><\/li>\n<\/ul>\n\n\n\n<figure class=\"wp-block-image size-large\"><a href=\"https:\/\/bielefelder-friedensini.de\/wp-content\/uploads\/2023\/10\/English-Landscape.png\"><img loading=\"lazy\" decoding=\"async\" width=\"1024\" height=\"410\" src=\"https:\/\/bielefelder-friedensini.de\/wp-content\/uploads\/2023\/10\/English-Landscape-1024x410.png\" alt=\"\" class=\"wp-image-2449\" srcset=\"https:\/\/bielefelder-friedensini.de\/wp-content\/uploads\/2023\/10\/English-Landscape-1024x410.png 1024w, https:\/\/bielefelder-friedensini.de\/wp-content\/uploads\/2023\/10\/English-Landscape-300x120.png 300w, https:\/\/bielefelder-friedensini.de\/wp-content\/uploads\/2023\/10\/English-Landscape-768x307.png 768w, https:\/\/bielefelder-friedensini.de\/wp-content\/uploads\/2023\/10\/English-Landscape.png 1280w\" sizes=\"auto, (max-width: 1024px) 100vw, 1024px\" \/><\/a><\/figure>\n\n\n\n<p class=\"has-medium-font-size\"><strong>Die Friedensinitiative Bielefeld \/OWL unterst\u00fctzt den internationalen \u201cOffenen Aufruf zu einem sofortigen Waffenstillstand im Gazastreifen und in Israel\u201d vom 18.10.23.<\/strong><\/p>\n\n\n\n<p>Darin hei\u00dft es: \u201cIm Gazastreifen gehen nach Angaben der UNO aufgrund der Belagerung Wasser, Lebensmittel, Treibstoff, medizinische Hilfsg\u00fcter und sogar Leichens\u00e4cke zur Neige. Die UNO warnte, dass die Menschen &#8211; insbesondere kleine Kinder &#8211; bald an schwerer Dehydrierung sterben werden. Stadtviertel wurden zerst\u00f6rt und in Schutt und Asche gelegt. Pal\u00e4stinenser, die Sicherheit suchen, k\u00f6nnen nirgendwo hin. Viele derjenigen, die nach dem Umsiedlungsbefehl der israelischen Armee aus dem n\u00f6rdlichen Gazastreifen in den S\u00fcden geflohen sind, wurden Berichten zufolge bei ihrem Fluchtversuch oder nach ihrer Ankunft im s\u00fcdlichen Gazastreifen bombardiert.\u201d<\/p>\n\n\n\n<blockquote class=\"wp-block-quote is-layout-flow wp-block-quote-is-layout-flow\">\n<p>\u201cDie Ereignisse der letzten Woche f\u00fchren zu einer humanit\u00e4ren Katastrophe. Die internationale Gemeinschaft darf nicht l\u00e4nger warten! Es wird Zeit zum handeln.\u201d<\/p>\n<\/blockquote>\n\n\n\n<p><em><a href=\"https:\/\/www.oxfam.org\/en\/open-call-immediate-ceasefire-occupied-palestinian-territory\">Dieser Aufruf wird von von \u00fcber hundert humanit\u00e4ren und Menschenrechtsorganisationen&nbsp; aus vielen L\u00e4ndern der Welt unterst\u00fctzt &#8211; auch aus Israel und Pal\u00e4stina -, z. B. medico international, Oxfam, Pax Christi international.<\/a><\/em><\/p>\n\n\n\n<p class=\"has-small-font-size\"><strong>Bitte nur Fahnen und Plakate zeigen, die unseren Aufruf unterst\u00fctzen.&nbsp;<\/strong><\/p>\n\n\n\n<p class=\"has-small-font-size\"><strong>Wir distanzieren uns ausdr\u00fccklich von jeglicher Form von Rassismus, Antisemitismus, Islamfeindlichkeit, Sexismus und LGBTQ-Feindlichkeit.<\/strong><\/p>\n\n\n\n<p class=\"has-small-font-size\"><strong>Personen, die der rechtsextremen Szene zuzuordnen sind, sind von der Teilnahme ausgeschlossen.<\/strong><\/p>\n","protected":false},"excerpt":{"rendered":"<p>Mahnwache und Kundgebung Samstag 28.10., 14 Uhr, Rathausvorplatz, Bielefeld<\/p>\n","protected":false},"author":2,"featured_media":0,"comment_status":"closed","ping_status":"closed","sticky":false,"template":"","format":"standard","meta":{"footnotes":""},"categories":[1],"tags":[],"class_list":["post-2448","post","type-post","status-publish","format-standard","hentry","category-aktuelles"],"_links":{"self":[{"href":"https:\/\/bielefelder-friedensini.de\/index.php?rest_route=\/wp\/v2\/posts\/2448","targetHints":{"allow":["GET"]}}],"collection":[{"href":"https:\/\/bielefelder-friedensini.de\/index.php?rest_route=\/wp\/v2\/posts"}],"about":[{"href":"https:\/\/bielefelder-friedensini.de\/index.php?rest_route=\/wp\/v2\/types\/post"}],"author":[{"embeddable":true,"href":"https:\/\/bielefelder-friedensini.de\/index.php?rest_route=\/wp\/v2\/users\/2"}],"replies":[{"embeddable":true,"href":"https:\/\/bielefelder-friedensini.de\/index.php?rest_route=%2Fwp%2Fv2%2Fcomments&post=2448"}],"version-history":[{"count":3,"href":"https:\/\/bielefelder-friedensini.de\/index.php?rest_route=\/wp\/v2\/posts\/2448\/revisions"}],"predecessor-version":[{"id":2529,"href":"https:\/\/bielefelder-friedensini.de\/index.php?rest_route=\/wp\/v2\/posts\/2448\/revisions\/2529"}],"wp:attachment":[{"href":"https:\/\/bielefelder-friedensini.de\/index.php?rest_route=%2Fwp%2Fv2%2Fmedia&parent=2448"}],"wp:term":[{"taxonomy":"category","embeddable":true,"href":"https:\/\/bielefelder-friedensini.de\/index.php?rest_route=%2Fwp%2Fv2%2Fcategories&post=2448"},{"taxonomy":"post_tag","embeddable":true,"href":"https:\/\/bielefelder-friedensini.de\/index.php?rest_route=%2Fwp%2Fv2%2Ftags&post=2448"}],"curies":[{"name":"wp","href":"https:\/\/api.w.org\/{rel}","templated":true}]}}