{"id":2544,"date":"2024-02-17T22:19:16","date_gmt":"2024-02-17T20:19:16","guid":{"rendered":"https:\/\/bielefelder-friedensini.de\/?p=2544"},"modified":"2024-03-24T16:58:25","modified_gmt":"2024-03-24T14:58:25","slug":"unterstuetzt-die-gedenkstaette-stalag-326","status":"publish","type":"post","link":"https:\/\/bielefelder-friedensini.de\/?p=2544","title":{"rendered":"Unterst\u00fctzt die Gedenkst\u00e4tte Stalag 326!"},"content":{"rendered":"\n<p class=\"has-medium-font-size\"><strong><em><a href=\"https:\/\/www.change.org\/p\/unterst%C3%BCtzt-die-gedenkst%C3%A4tte-stalag-326-ein-ort-der-erinnerung-und-des-lernens?recruiter=1326378394&amp;recruited_by_id=95d1f4b0-b093-11ee-a26e-11d51417ffb2&amp;utm_source=share_petition&amp;utm_campaign=petition_dashboard_share_modal&amp;utm_medium=email\" target=\"_blank\" rel=\"noreferrer noopener\">Dieser Aufruf richtet sich an alle, die sich der historischen und politischen Erinnerungs- und Gedenkarbeit verbunden f\u00fchlen: Personen und Organisationen aus der Zivilgesellschaft, aus Wissenschaft, Kultur und Politik, die die Errichtung einer w\u00fcrdigen Gedenkst\u00e4tte Stalag 326 unterst\u00fctzen.<\/a>&nbsp;<\/em><\/strong><\/p>\n\n\n<div class=\"wp-block-image\">\n<figure class=\"alignleft size-full is-resized\"><a href=\"https:\/\/bielefelder-friedensini.de\/wp-content\/uploads\/2024\/02\/www-sowjetische-memoriale-de.png\"><img loading=\"lazy\" decoding=\"async\" width=\"669\" height=\"408\" src=\"https:\/\/bielefelder-friedensini.de\/wp-content\/uploads\/2024\/02\/www-sowjetische-memoriale-de.png\" alt=\"\" class=\"wp-image-2546\" style=\"width:486px;height:auto\" srcset=\"https:\/\/bielefelder-friedensini.de\/wp-content\/uploads\/2024\/02\/www-sowjetische-memoriale-de.png 669w, https:\/\/bielefelder-friedensini.de\/wp-content\/uploads\/2024\/02\/www-sowjetische-memoriale-de-300x183.png 300w\" sizes=\"auto, (max-width: 669px) 100vw, 669px\" \/><\/a><\/figure>\n<\/div>\n\n\n<p>Viele engagierte Stimmen haben sich in den letzten Monaten kritisch zur drohenden Gef\u00e4hrdung des Stalag-Projekts ge\u00e4u\u00dfert und setzen sich f\u00fcr den Ausbau der Gedenkst\u00e4tte ein. Die aktuelle Aufmerksamkeit bietet erneut die Gelegenheit, f\u00fcr das Projekt zu werben und es mit den bereitgestellten Mitteln z\u00fcgig umzusetzen.<\/p>\n\n\n\n<!--more-->\n\n\n\n<p>Anl\u00e4sslich des 70. Jahrestages des Endes des Zweiten Weltkrieges sagte der damalige Bundes\u00adpr\u00e4sident Joachim Gauck 2015 in Schlo\u00df Holte-Stukenbrock, es sei eine Aufgabe der Zeit, \u201edas Schicksal der sowjetischen Kriegsgefangenen aus dem Erinnerungsschatten herauszuholen\u201c. Diese Rede gilt als Initialz\u00fcndung f\u00fcr das Vorhaben und die Bereitstellung finanzieller Mittel durch den Bund, das Land NRW und den LWL, die bisherige Dokumentationsst\u00e4tte auszubauen und einen w\u00fcrdigen historischen Gedenkort zu schaffen.<\/p>\n\n\n\n<p>Trotz verschiedener Kritikpunkte an der bisherigen Konzeption f\u00fcr eine zuk\u00fcnftige Gedenkst\u00e4tte besteht inzwischen die Sorge, dass das Projekt aufgrund kommunalpolitischer Vorbehalte grunds\u00e4tzlich hinterfragt wird und somit scheitern k\u00f6nnte. Die Bundesregierung will den Ausbau zu einer angemessenen Gedenkst\u00e4tte f\u00fcr die mehr als 60 000 in OWL ums Leben gekommenen Kriegsgefangenen unterst\u00fctzen und finanzieren. Diese Chance gilt es zu nutzen. Zurzeit bedarf es eines klaren und eindeutigen Bekenntnisses der Kreise und St\u00e4dte in Ostwestfalen-Lippe zur Realisierung des Vorhabens, verbunden mit der verbindlichen Zusage, die Betriebskosten der neuen Gedenkst\u00e4tte zu tragen.<\/p>\n\n\n\n<p>Gerade vor dem Hintergrund einer erstarkenden Rechten gilt es, aus der Geschichte zu lernen. Die geplante Gedenkst\u00e4tte mit dem dazugeh\u00f6rigen Ehrenfriedhof kann ein Ort sein, an dem gezeigt werden kann, wie Menschen zu T\u00e4tern und Opfern wurden und der deutlich macht, dass so etwas nie wieder geschehen darf!<\/p>\n\n\n\n<p><strong>Wir bitten euch, diesen Aufruf zu unterzeichnen und zu verbreiten. Die Gedenkst\u00e4tte Stalag 326 braucht eine gesicherte Zukunft, braucht unsere gemeinsame Unterst\u00fctzung!<\/strong><\/p>\n\n\n\n<p><strong>Erstunterzeichner*innen<\/strong><\/p>\n\n\n\n<p><strong>Rolf Becker<\/strong>, Schauspieler; <strong>Eugen Drewermann<\/strong>, Theologe (Paderborn); <strong>Monika Greve<\/strong>, VVN-BDA Bielefeld und Friedensinitiative OWL; <strong>Ute Herkstr\u00f6ter<\/strong>, Gesch\u00e4ftsf\u00fchrerin IG Metall Bielefeld; <strong>Martina Schu<\/strong>, Gesch\u00e4ftsf\u00fchrerin ver.di OWL; <strong>Prof. Dr. Ansgar Moenikes<\/strong>, Mitglied KAB-Bundesausschuss; <strong>Kutlu Yurtseven<\/strong>, Rapper bei der \u201eMicrophone Mafia\u201c und Erinnerungs\u00adarbeiter; <strong>Prof. Dr. Norman Paech<\/strong>, V\u00f6lkerrechtler (Hamburg); <strong>Kathrin Vogler<\/strong>, MdB und Landessprecherin Die Linke NRW<\/p>\n\n\n\n<p class=\"has-large-font-size\"><a href=\"https:\/\/www.change.org\/p\/unterst%C3%BCtzt-die-gedenkst%C3%A4tte-stalag-326-ein-ort-der-erinnerung-und-des-lernens?recruiter=1326378394&amp;recruited_by_id=95d1f4b0-b093-11ee-a26e-11d51417ffb2&amp;utm_source=share_petition&amp;utm_campaign=petition_dashboard_share_modal&amp;utm_medium=email\">Petition unterschreiben<\/a><\/p>\n\n\n<div class=\"wp-block-image\">\n<figure class=\"alignleft size-full is-resized\"><a href=\"https:\/\/bielefelder-friedensini.de\/wp-content\/uploads\/2024\/02\/petition-qrcode.png\"><img loading=\"lazy\" decoding=\"async\" width=\"512\" height=\"512\" src=\"https:\/\/bielefelder-friedensini.de\/wp-content\/uploads\/2024\/02\/petition-qrcode.png\" alt=\"\" class=\"wp-image-2545\" style=\"width:156px;height:auto\" srcset=\"https:\/\/bielefelder-friedensini.de\/wp-content\/uploads\/2024\/02\/petition-qrcode.png 512w, https:\/\/bielefelder-friedensini.de\/wp-content\/uploads\/2024\/02\/petition-qrcode-300x300.png 300w, https:\/\/bielefelder-friedensini.de\/wp-content\/uploads\/2024\/02\/petition-qrcode-150x150.png 150w\" sizes=\"auto, (max-width: 512px) 100vw, 512px\" \/><\/a><\/figure>\n<\/div>\n\n\n<p>Teilen Sie diese Petition pers\u00f6nlich oder f\u00fcgen Sie den QR-Code in Ihre eigenen Materialien ein.<\/p>\n\n\n\n<p><\/p>\n","protected":false},"excerpt":{"rendered":"<p>Dieser Aufruf richtet sich an alle, die sich der historischen und politischen Erinnerungs- und Gedenkarbeit verbunden f\u00fchlen: Personen und Organisationen aus der Zivilgesellschaft, aus Wissenschaft, Kultur und Politik, die die Errichtung einer w\u00fcrdigen Gedenkst\u00e4tte Stalag 326 unterst\u00fctzen.&nbsp; Viele engagierte Stimmen haben sich in den letzten Monaten kritisch zur drohenden Gef\u00e4hrdung des Stalag-Projekts ge\u00e4u\u00dfert und setzen &hellip; <a href=\"https:\/\/bielefelder-friedensini.de\/?p=2544\" class=\"more-link\"><span class=\"screen-reader-text\">Unterst\u00fctzt die Gedenkst\u00e4tte Stalag 326!<\/span> weiterlesen <span class=\"meta-nav\">&rarr;<\/span><\/a><\/p>\n","protected":false},"author":2,"featured_media":0,"comment_status":"closed","ping_status":"closed","sticky":false,"template":"","format":"standard","meta":{"footnotes":""},"categories":[1],"tags":[],"class_list":["post-2544","post","type-post","status-publish","format-standard","hentry","category-aktuelles"],"_links":{"self":[{"href":"https:\/\/bielefelder-friedensini.de\/index.php?rest_route=\/wp\/v2\/posts\/2544","targetHints":{"allow":["GET"]}}],"collection":[{"href":"https:\/\/bielefelder-friedensini.de\/index.php?rest_route=\/wp\/v2\/posts"}],"about":[{"href":"https:\/\/bielefelder-friedensini.de\/index.php?rest_route=\/wp\/v2\/types\/post"}],"author":[{"embeddable":true,"href":"https:\/\/bielefelder-friedensini.de\/index.php?rest_route=\/wp\/v2\/users\/2"}],"replies":[{"embeddable":true,"href":"https:\/\/bielefelder-friedensini.de\/index.php?rest_route=%2Fwp%2Fv2%2Fcomments&post=2544"}],"version-history":[{"count":2,"href":"https:\/\/bielefelder-friedensini.de\/index.php?rest_route=\/wp\/v2\/posts\/2544\/revisions"}],"predecessor-version":[{"id":2562,"href":"https:\/\/bielefelder-friedensini.de\/index.php?rest_route=\/wp\/v2\/posts\/2544\/revisions\/2562"}],"wp:attachment":[{"href":"https:\/\/bielefelder-friedensini.de\/index.php?rest_route=%2Fwp%2Fv2%2Fmedia&parent=2544"}],"wp:term":[{"taxonomy":"category","embeddable":true,"href":"https:\/\/bielefelder-friedensini.de\/index.php?rest_route=%2Fwp%2Fv2%2Fcategories&post=2544"},{"taxonomy":"post_tag","embeddable":true,"href":"https:\/\/bielefelder-friedensini.de\/index.php?rest_route=%2Fwp%2Fv2%2Ftags&post=2544"}],"curies":[{"name":"wp","href":"https:\/\/api.w.org\/{rel}","templated":true}]}}