{"id":284,"date":"2017-06-17T09:46:57","date_gmt":"2017-06-17T07:46:57","guid":{"rendered":"https:\/\/bielefelder-friedensini.de\/?p=284"},"modified":"2018-02-21T01:39:17","modified_gmt":"2018-02-20T23:39:17","slug":"macht-frieden-zivile-loesungen-fuer-syrien","status":"publish","type":"post","link":"https:\/\/bielefelder-friedensini.de\/?p=284","title":{"rendered":"Macht Frieden &#8212; Zivile L\u00f6sungen f\u00fcr Syrien"},"content":{"rendered":"<p><b class=\"moz-txt-star\">Interesse an Mitarbeit? Kontakt: Syrieninitiative-OWL(\u00e4tt)t-online(Punkt)de<\/b><\/p>\n<h5><strong>Wir wollen erreichen, dass das Bundeswehr\u00admandat in Syrien <\/strong><strong>nicht verl\u00e4ngert wird und statt dessen humanit\u00e4re Hilfe <\/strong><strong>erheblich erh\u00f6ht und die Zivile Konfliktbearbeitung ausgebaut <\/strong><strong>werden.<\/strong><\/h5>\n<p><strong>Was k\u00f6nnen wir tun?<\/strong><\/p>\n<ul>\n<li>In der Fu\u00dfg\u00e4ngerzone Unterschriften sammeln f\u00fcr die Petition &#8222;NEIN zum Bundeswehrmandat in Syrien &#8211; JA zu zivilen L\u00f6sungen!&#8220; <a class=\"moz-txt-link-rfc2396E\" href=\"http:\/\/www.macht-frieden.de\/Petition\">http:\/\/www.macht-frieden.de\/Petition<\/a><\/li>\n<li>Mitmachen bei der Postkartenaktion 2017 <a class=\"moz-txt-link-rfc2396E\" href=\"http:\/\/www.macht-frieden.de\/sites\/default\/files\/inline-files\/pkSyriaWahl_5mai_1.pdf\">http:\/\/www.macht-frieden.de\/sites\/default\/files\/inline-files\/pkSyriaWahl_5mai_1.pdf<\/a>, mit der im Vorfeld der Bundestagswahl die MdBs und Kandidierenden in unseren Wahlkreisen direkt um Stellungnahmen zum Bundeswehr\u00admandat f\u00fcr Syrien und zu zivilen Alternativen gebeten werden. Motivierend ist, dass es Aktivisten im letzten Jahr gelungen ist, einen Bundestagsabgeordneten zu \u00fcberzeugen, gegen die Verl\u00e4n\u00adgerung des Bundeswehreinsatzes in Syrien zu stimmen.<\/li>\n<li>Auch nach der Bundestagswahl gegen eine Verl\u00e4ngerung des Bundeswehrmandats in Syrien protestieren und statt dessen Wege gegen Gewalt und Not aufzeigen<\/li>\n<\/ul>\n<p>Weitere Ideen: <a class=\"moz-txt-link-freetext\" href=\"http:\/\/www.macht-frieden.de\/aktiv-werden\/macht-mit\">http:\/\/www.macht-frieden.de\/aktiv-werden\/macht-mit<\/a><\/p>\n<p>Wir verstehen uns als Teil der bundesweiten Kampagne \u201eMacht Frieden. Zivile L\u00f6sungen f\u00fcr Syrien\u201c.<\/p>\n<p><strong>Interesse an Mitarbeit? Kontakt: Syrieninitiative-OWL(\u00e4tt)t-online(Punkt)de<\/strong><\/p>\n","protected":false},"excerpt":{"rendered":"<p>Interesse an Mitarbeit? Kontakt: Syrieninitiative-OWL(\u00e4tt)t-online(Punkt)de Wir wollen erreichen, dass das Bundeswehr\u00admandat in Syrien nicht verl\u00e4ngert wird und statt dessen humanit\u00e4re Hilfe erheblich erh\u00f6ht und die Zivile Konfliktbearbeitung ausgebaut werden. Was k\u00f6nnen wir tun? In der Fu\u00dfg\u00e4ngerzone Unterschriften sammeln f\u00fcr die Petition &#8222;NEIN zum Bundeswehrmandat in Syrien &#8211; JA zu zivilen L\u00f6sungen!&#8220; http:\/\/www.macht-frieden.de\/Petition Mitmachen bei der &hellip; <a href=\"https:\/\/bielefelder-friedensini.de\/?p=284\" class=\"more-link\"><span class=\"screen-reader-text\">Macht Frieden &#8212; Zivile L\u00f6sungen f\u00fcr Syrien<\/span> weiterlesen <span class=\"meta-nav\">&rarr;<\/span><\/a><\/p>\n","protected":false},"author":1,"featured_media":0,"comment_status":"closed","ping_status":"closed","sticky":false,"template":"","format":"standard","meta":{"footnotes":""},"categories":[3],"tags":[],"class_list":["post-284","post","type-post","status-publish","format-standard","hentry","category-archiv"],"_links":{"self":[{"href":"https:\/\/bielefelder-friedensini.de\/index.php?rest_route=\/wp\/v2\/posts\/284","targetHints":{"allow":["GET"]}}],"collection":[{"href":"https:\/\/bielefelder-friedensini.de\/index.php?rest_route=\/wp\/v2\/posts"}],"about":[{"href":"https:\/\/bielefelder-friedensini.de\/index.php?rest_route=\/wp\/v2\/types\/post"}],"author":[{"embeddable":true,"href":"https:\/\/bielefelder-friedensini.de\/index.php?rest_route=\/wp\/v2\/users\/1"}],"replies":[{"embeddable":true,"href":"https:\/\/bielefelder-friedensini.de\/index.php?rest_route=%2Fwp%2Fv2%2Fcomments&post=284"}],"version-history":[{"count":9,"href":"https:\/\/bielefelder-friedensini.de\/index.php?rest_route=\/wp\/v2\/posts\/284\/revisions"}],"predecessor-version":[{"id":308,"href":"https:\/\/bielefelder-friedensini.de\/index.php?rest_route=\/wp\/v2\/posts\/284\/revisions\/308"}],"wp:attachment":[{"href":"https:\/\/bielefelder-friedensini.de\/index.php?rest_route=%2Fwp%2Fv2%2Fmedia&parent=284"}],"wp:term":[{"taxonomy":"category","embeddable":true,"href":"https:\/\/bielefelder-friedensini.de\/index.php?rest_route=%2Fwp%2Fv2%2Fcategories&post=284"},{"taxonomy":"post_tag","embeddable":true,"href":"https:\/\/bielefelder-friedensini.de\/index.php?rest_route=%2Fwp%2Fv2%2Ftags&post=284"}],"curies":[{"name":"wp","href":"https:\/\/api.w.org\/{rel}","templated":true}]}}