{"id":3146,"date":"2025-03-07T14:39:03","date_gmt":"2025-03-07T12:39:03","guid":{"rendered":"https:\/\/bielefelder-friedensini.de\/?p=3146"},"modified":"2025-03-07T14:39:58","modified_gmt":"2025-03-07T12:39:58","slug":"der-bielefelder-appell-fuer-den-frieden","status":"publish","type":"post","link":"https:\/\/bielefelder-friedensini.de\/?p=3146","title":{"rendered":"Der Bielefelder Appell f\u00fcr den Frieden"},"content":{"rendered":"\n<p class=\"has-large-font-size\"><strong>\u00d6ffentliche Pr\u00e4sentation<\/strong> <br><strong>am 2.4.2025<\/strong> <strong>um 19:00 Uhr in der S\u00fcsterkirche, Bielefeld<\/strong><\/p>\n\n\n\n<p class=\"has-medium-font-size\"><strong>Erstunterzeichnende:<\/strong> AK Blumen f\u00fcr Stukenbrock; AG Regenwald und Artenschutz; Bielefelder Nahostinitiative; Deutsche Friedensgesellschaft Vereinigte Kriegsdienstverweigerer OWL; DIDF, Bielefeld; Die h\u00e4ngenden G\u00e4rten von Bielefeld; Evangelischer Kirchenkreis Bielefeld; Evangelisch- reformierte Kirchengemeinde Bielefeld; fairleben gt e.V.; Free Assange; Friedensdemo gegen den V\u00f6lkermord in Pal\u00e4stina Bielefeld; Friedensini Bielefeld\/OWL; GEW Bielefeld; Health for Future, Bielefeld; IPPNW Ostwestfalen- Bielefeld; Islamisches Zentrum Bielefeld; Solidarit\u00e4t f\u00fcr Pal\u00e4stina; Kuratorium St\u00e4dtepartnerschaft Bielefeld- Welikij Nowgorod e.V.; VVN- BDA Kreis Bielefeld u.U.; Vers\u00f6hnungsbund; ver.di-Bezirk OWL<\/p>\n\n\n\n<p class=\"has-medium-font-size\"><strong>Stolz pr\u00e4sentieren wir am 2.4.25, um 19:00 Uhr in der S\u00fcsterkirche mit dieser langen Liste Erstunterzeichnender Gemeinden, Gewerkschaften und anderen Initiativen der Zivilgesellschaft den Bielefelder Appell f\u00fcr den Frieden.<\/strong><\/p>\n\n\n\n<p class=\"has-medium-font-size\">Auf der Grundlage des Grundgesetzes f\u00fcr die Bundesrepublik Deutschland \u201e<strong>\u2026.dem Frieden der Welt zu dienen&#8230;\u201c <\/strong>wollen wir ein Zeichen setzen f\u00fcr einen kraftvollen Kampf f\u00fcr eine friedliche Stadtgesellschaft und eine friedliche Welt.<\/p>\n\n\n\n<p class=\"has-medium-font-size\">Wir wollen ein Gegengewicht bilden zu dem eskalierenden Kriegs- und Aufr\u00fcstungsgeschrei in der Welt und den Frieden wieder in den Mittelpunkt aller Bem\u00fchungen stellen.<\/p>\n\n\n\n<p class=\"has-medium-font-size\">\u201eFrieden ist nicht Alles, aber ohne Frieden ist Alles Nichts.\u201c, Willi Brand.<\/p>\n\n\n\n<p><\/p>\n\n\n\n<p class=\"has-medium-font-size\"><strong>Mi. 2.4.2025, 19:00 Uhr S\u00fcsterkirche<\/strong><\/p>\n\n\n\n<p class=\"has-medium-font-size\"><strong>Vorstellung des<\/strong> <strong>Bielefelder Appells f\u00fcr den Frieden<\/strong><\/p>\n\n\n\n<p class=\"has-medium-font-size\"><strong>Angelika Clau\u00dfen und Inge Egert, Vortrag:<\/strong> <strong>\u201eSicherheit neu Denken\u201c<\/strong><\/p>\n\n\n\n<p class=\"has-medium-font-size\"><strong>Statements von Erstunterzeichnenden <\/strong><\/p>\n\n\n\n<p class=\"has-medium-font-size\"><strong>musikalischer Rahmen: Peter Ewers<\/strong><\/p>\n\n\n\n<p><\/p>\n\n\n\n<p><\/p>\n\n\n\n<p><\/p>\n\n\n\n<p><\/p>\n\n\n\n<p class=\"has-medium-font-size\">Bielefelder Appell f\u00fcr den Frieden: <br><a href=\"https:\/\/bielefelder-friedensini.de\/wp-content\/uploads\/2025\/03\/Bielefelder-Appell_End.pdf\">https:\/\/bielefelder-friedensini.de\/wp-content\/uploads\/2025\/03\/Bielefelder-Appell_End.pdf<\/a><\/p>\n\n\n\n<p><\/p>\n","protected":false},"excerpt":{"rendered":"<p>\u00d6ffentliche Pr\u00e4sentation am 2.4.2025 um 19:00 Uhr in der S\u00fcsterkirche, Bielefeld Erstunterzeichnende: AK Blumen f\u00fcr Stukenbrock; AG Regenwald und Artenschutz; Bielefelder Nahostinitiative; Deutsche Friedensgesellschaft Vereinigte Kriegsdienstverweigerer OWL; DIDF, Bielefeld; Die h\u00e4ngenden G\u00e4rten von Bielefeld; Evangelischer Kirchenkreis Bielefeld; Evangelisch- reformierte Kirchengemeinde Bielefeld; fairleben gt e.V.; Free Assange; Friedensdemo gegen den V\u00f6lkermord in Pal\u00e4stina Bielefeld; Friedensini Bielefeld\/OWL; &hellip; <a href=\"https:\/\/bielefelder-friedensini.de\/?p=3146\" class=\"more-link\"><span class=\"screen-reader-text\">Der Bielefelder Appell f\u00fcr den Frieden<\/span> weiterlesen <span class=\"meta-nav\">&rarr;<\/span><\/a><\/p>\n","protected":false},"author":6,"featured_media":0,"comment_status":"closed","ping_status":"closed","sticky":false,"template":"","format":"standard","meta":{"footnotes":""},"categories":[1],"tags":[],"class_list":["post-3146","post","type-post","status-publish","format-standard","hentry","category-aktuelles"],"_links":{"self":[{"href":"https:\/\/bielefelder-friedensini.de\/index.php?rest_route=\/wp\/v2\/posts\/3146","targetHints":{"allow":["GET"]}}],"collection":[{"href":"https:\/\/bielefelder-friedensini.de\/index.php?rest_route=\/wp\/v2\/posts"}],"about":[{"href":"https:\/\/bielefelder-friedensini.de\/index.php?rest_route=\/wp\/v2\/types\/post"}],"author":[{"embeddable":true,"href":"https:\/\/bielefelder-friedensini.de\/index.php?rest_route=\/wp\/v2\/users\/6"}],"replies":[{"embeddable":true,"href":"https:\/\/bielefelder-friedensini.de\/index.php?rest_route=%2Fwp%2Fv2%2Fcomments&post=3146"}],"version-history":[{"count":5,"href":"https:\/\/bielefelder-friedensini.de\/index.php?rest_route=\/wp\/v2\/posts\/3146\/revisions"}],"predecessor-version":[{"id":3152,"href":"https:\/\/bielefelder-friedensini.de\/index.php?rest_route=\/wp\/v2\/posts\/3146\/revisions\/3152"}],"wp:attachment":[{"href":"https:\/\/bielefelder-friedensini.de\/index.php?rest_route=%2Fwp%2Fv2%2Fmedia&parent=3146"}],"wp:term":[{"taxonomy":"category","embeddable":true,"href":"https:\/\/bielefelder-friedensini.de\/index.php?rest_route=%2Fwp%2Fv2%2Fcategories&post=3146"},{"taxonomy":"post_tag","embeddable":true,"href":"https:\/\/bielefelder-friedensini.de\/index.php?rest_route=%2Fwp%2Fv2%2Ftags&post=3146"}],"curies":[{"name":"wp","href":"https:\/\/api.w.org\/{rel}","templated":true}]}}