{"id":3229,"date":"2025-04-10T20:11:44","date_gmt":"2025-04-10T18:11:44","guid":{"rendered":"https:\/\/bielefelder-friedensini.de\/?p=3229"},"modified":"2025-04-10T20:11:44","modified_gmt":"2025-04-10T18:11:44","slug":"ostermarsch-2025-guetersloh","status":"publish","type":"post","link":"https:\/\/bielefelder-friedensini.de\/?p=3229","title":{"rendered":"Ostermarsch 2025  G\u00fctersloh"},"content":{"rendered":"\n<p class=\"has-large-font-size\"><strong>Initiative f\u00fcr eine friedliche Nutzung des Flugplatzgel\u00e4ndes G\u00fctersloh<\/strong><\/p>\n\n\n\n<p class=\"has-large-font-size\">Karfreitag, 18.04.2025 | 15 Uhr<br>Flughafen G\u00fctersloh<\/p>\n\n\n\n<figure class=\"wp-block-image size-large\"><a href=\"https:\/\/bielefelder-friedensini.de\/wp-content\/uploads\/2025\/04\/2025-04-18-Ostermarsch-2025_Guetersloh.jpg\"><img loading=\"lazy\" decoding=\"async\" width=\"742\" height=\"1024\" src=\"https:\/\/bielefelder-friedensini.de\/wp-content\/uploads\/2025\/04\/2025-04-18-Ostermarsch-2025_Guetersloh-742x1024.jpg\" alt=\"\" class=\"wp-image-3230\" srcset=\"https:\/\/bielefelder-friedensini.de\/wp-content\/uploads\/2025\/04\/2025-04-18-Ostermarsch-2025_Guetersloh-742x1024.jpg 742w, https:\/\/bielefelder-friedensini.de\/wp-content\/uploads\/2025\/04\/2025-04-18-Ostermarsch-2025_Guetersloh-217x300.jpg 217w, https:\/\/bielefelder-friedensini.de\/wp-content\/uploads\/2025\/04\/2025-04-18-Ostermarsch-2025_Guetersloh-768x1060.jpg 768w, https:\/\/bielefelder-friedensini.de\/wp-content\/uploads\/2025\/04\/2025-04-18-Ostermarsch-2025_Guetersloh.jpg 1080w\" sizes=\"auto, (max-width: 742px) 100vw, 742px\" \/><\/a><\/figure>\n","protected":false},"excerpt":{"rendered":"<p>Initiative f\u00fcr eine friedliche Nutzung des Flugplatzgel\u00e4ndes G\u00fctersloh Karfreitag, 18.04.2025 | 15 UhrFlughafen G\u00fctersloh<\/p>\n","protected":false},"author":6,"featured_media":0,"comment_status":"closed","ping_status":"closed","sticky":false,"template":"","format":"standard","meta":{"footnotes":""},"categories":[1],"tags":[],"class_list":["post-3229","post","type-post","status-publish","format-standard","hentry","category-aktuelles"],"_links":{"self":[{"href":"https:\/\/bielefelder-friedensini.de\/index.php?rest_route=\/wp\/v2\/posts\/3229","targetHints":{"allow":["GET"]}}],"collection":[{"href":"https:\/\/bielefelder-friedensini.de\/index.php?rest_route=\/wp\/v2\/posts"}],"about":[{"href":"https:\/\/bielefelder-friedensini.de\/index.php?rest_route=\/wp\/v2\/types\/post"}],"author":[{"embeddable":true,"href":"https:\/\/bielefelder-friedensini.de\/index.php?rest_route=\/wp\/v2\/users\/6"}],"replies":[{"embeddable":true,"href":"https:\/\/bielefelder-friedensini.de\/index.php?rest_route=%2Fwp%2Fv2%2Fcomments&post=3229"}],"version-history":[{"count":6,"href":"https:\/\/bielefelder-friedensini.de\/index.php?rest_route=\/wp\/v2\/posts\/3229\/revisions"}],"predecessor-version":[{"id":3236,"href":"https:\/\/bielefelder-friedensini.de\/index.php?rest_route=\/wp\/v2\/posts\/3229\/revisions\/3236"}],"wp:attachment":[{"href":"https:\/\/bielefelder-friedensini.de\/index.php?rest_route=%2Fwp%2Fv2%2Fmedia&parent=3229"}],"wp:term":[{"taxonomy":"category","embeddable":true,"href":"https:\/\/bielefelder-friedensini.de\/index.php?rest_route=%2Fwp%2Fv2%2Fcategories&post=3229"},{"taxonomy":"post_tag","embeddable":true,"href":"https:\/\/bielefelder-friedensini.de\/index.php?rest_route=%2Fwp%2Fv2%2Ftags&post=3229"}],"curies":[{"name":"wp","href":"https:\/\/api.w.org\/{rel}","templated":true}]}}