{"id":3280,"date":"2025-05-22T13:30:38","date_gmt":"2025-05-22T11:30:38","guid":{"rendered":"https:\/\/bielefelder-friedensini.de\/?p=3280"},"modified":"2025-06-01T13:34:00","modified_gmt":"2025-06-01T11:34:00","slug":"wer-krieg-fuehrt-und-aufruestung-befoerdert-wird-den-kampf-gegen-die-klimakrise-verlieren","status":"publish","type":"post","link":"https:\/\/bielefelder-friedensini.de\/?p=3280","title":{"rendered":"Wer Krieg f\u00fchrt und Aufr\u00fcstung bef\u00f6rdert wird den Kampf gegen die Klimakrise verlieren!"},"content":{"rendered":"\n<p class=\"has-medium-font-size\">Die Klimakonferenz fand am 21.05.25 im Ratssaal des Neuen Rathauses statt! Zum Thema Bielefeld Klimaneutral bis 2030 fanden sich Organisationen und Gruppen rund um den Klimaschutz ein und stellten dort ihre Arbeit vor. Ab 18 Uhr wurde der aktuelle Stand von Seiten des Umweltamtes der Stadt Bielefeld berichtet. <br>Die Friedensinitiative Bielefeld\/ OWL vertrat mit ihrem Aufruf: Wer Krieg f\u00fchrt und Aufr\u00fcstung bef\u00f6rdert wird den Kampf gegen die Klimakrise verlieren! Eine klare friedenspolitische und \u00f6kologische Position! &#8222;Wer sich weigert&#8220;, so Thomas Strakhof, &#8222;der unfassbaren Zerst\u00f6rung durch Krieg und Militarisierung Rechnung zu tragen, mache alle Bem\u00fchungen um Klimaneutralit\u00e4t zunichte.&#8220;<\/p>\n\n\n\n<figure class=\"wp-block-image size-full is-resized\"><a href=\"https:\/\/bielefelder-friedensini.de\/wp-content\/uploads\/2025\/06\/2025-05-21-Klimakonferenz-rotated.jpg\"><img loading=\"lazy\" decoding=\"async\" width=\"240\" height=\"320\" src=\"https:\/\/bielefelder-friedensini.de\/wp-content\/uploads\/2025\/06\/2025-05-21-Klimakonferenz-rotated.jpg\" alt=\"\" class=\"wp-image-3281\" style=\"width:457px;height:auto\" srcset=\"https:\/\/bielefelder-friedensini.de\/wp-content\/uploads\/2025\/06\/2025-05-21-Klimakonferenz-rotated.jpg 240w, https:\/\/bielefelder-friedensini.de\/wp-content\/uploads\/2025\/06\/2025-05-21-Klimakonferenz-225x300.jpg 225w\" sizes=\"auto, (max-width: 240px) 100vw, 240px\" \/><\/a><\/figure>\n","protected":false},"excerpt":{"rendered":"<p>Die Klimakonferenz fand am 21.05.25 im Ratssaal des Neuen Rathauses statt! Zum Thema Bielefeld Klimaneutral bis 2030 fanden sich Organisationen und Gruppen rund um den Klimaschutz ein und stellten dort ihre Arbeit vor. Ab 18 Uhr wurde der aktuelle Stand von Seiten des Umweltamtes der Stadt Bielefeld berichtet. Die Friedensinitiative Bielefeld\/ OWL vertrat mit ihrem &hellip; <a href=\"https:\/\/bielefelder-friedensini.de\/?p=3280\" class=\"more-link\"><span class=\"screen-reader-text\">Wer Krieg f\u00fchrt und Aufr\u00fcstung bef\u00f6rdert wird den Kampf gegen die Klimakrise verlieren!<\/span> weiterlesen <span class=\"meta-nav\">&rarr;<\/span><\/a><\/p>\n","protected":false},"author":6,"featured_media":0,"comment_status":"closed","ping_status":"closed","sticky":false,"template":"","format":"standard","meta":{"footnotes":""},"categories":[1],"tags":[],"class_list":["post-3280","post","type-post","status-publish","format-standard","hentry","category-aktuelles"],"_links":{"self":[{"href":"https:\/\/bielefelder-friedensini.de\/index.php?rest_route=\/wp\/v2\/posts\/3280","targetHints":{"allow":["GET"]}}],"collection":[{"href":"https:\/\/bielefelder-friedensini.de\/index.php?rest_route=\/wp\/v2\/posts"}],"about":[{"href":"https:\/\/bielefelder-friedensini.de\/index.php?rest_route=\/wp\/v2\/types\/post"}],"author":[{"embeddable":true,"href":"https:\/\/bielefelder-friedensini.de\/index.php?rest_route=\/wp\/v2\/users\/6"}],"replies":[{"embeddable":true,"href":"https:\/\/bielefelder-friedensini.de\/index.php?rest_route=%2Fwp%2Fv2%2Fcomments&post=3280"}],"version-history":[{"count":1,"href":"https:\/\/bielefelder-friedensini.de\/index.php?rest_route=\/wp\/v2\/posts\/3280\/revisions"}],"predecessor-version":[{"id":3282,"href":"https:\/\/bielefelder-friedensini.de\/index.php?rest_route=\/wp\/v2\/posts\/3280\/revisions\/3282"}],"wp:attachment":[{"href":"https:\/\/bielefelder-friedensini.de\/index.php?rest_route=%2Fwp%2Fv2%2Fmedia&parent=3280"}],"wp:term":[{"taxonomy":"category","embeddable":true,"href":"https:\/\/bielefelder-friedensini.de\/index.php?rest_route=%2Fwp%2Fv2%2Fcategories&post=3280"},{"taxonomy":"post_tag","embeddable":true,"href":"https:\/\/bielefelder-friedensini.de\/index.php?rest_route=%2Fwp%2Fv2%2Ftags&post=3280"}],"curies":[{"name":"wp","href":"https:\/\/api.w.org\/{rel}","templated":true}]}}