{"id":329,"date":"2017-11-08T01:31:52","date_gmt":"2017-11-07T23:31:52","guid":{"rendered":"https:\/\/bielefelder-friedensini.de\/?p=329"},"modified":"2018-02-21T01:39:02","modified_gmt":"2018-02-20T23:39:02","slug":"vortrag-am-28-november","status":"publish","type":"post","link":"https:\/\/bielefelder-friedensini.de\/?p=329","title":{"rendered":"Vortrag am 28. November"},"content":{"rendered":"<h3>Syrien: Werden nach dem R\u00fcckzug von IS nun endlich die Waffen schweigen?<\/h3>\n<h4>Karin Kulow<\/h4>\n<p>28. November 2017, Beginn: 20:00 Uhr, Mondo Buchhandlung<\/p>\n<p>Bereits seit reichlich sechs Jahren tobt auf syrischem Boden ein f\u00fcrchterlicher Vernichtungskrieg. Hunderttausende haben ihn mit dem Leben bezahlt. Millionen von Menschen haben Ihr Hab und Gut verloren. Fast die H\u00e4lfte der Bev\u00f6lkerung ist auf der Flucht, darunter auch nach Deutschland. Ganze St\u00e4dte liegen in Schutt und Asche. Unterschiedlichste Akteure, staatliche wie nichtstaatliche, suchen ihre Interessen zu Lasten dieses einst stabilen Landes durchzusetzen. Wie stellt sich die inzwischen ver\u00e4nderte milit\u00e4r-strategische Lage dar? Welche Chancen bestehen f\u00fcr eine dauerhafte Waffenruhe und die ernsthafte Suche nach einer tragf\u00e4higen politischen L\u00f6sung? Diesen und anderen Fragen zur aktuellen Interessenlage der verschiedensten Akteure sollen im Vortrag nachgegangen werden.<\/p>\n<p>Prof. Dr. Karin Kulow aus Berlin ist Arabistin und Islamwissenschaftlerin.<\/p>\n<p>Der Vortrag wird von der Syrieninitiative Ostwestfalen Lippe, Attac<br \/>\nBielefeld und der Buchhandlung Mondo angeboten.<\/p>\n<p><a href=\"https:\/\/bielefelder-friedensini.de\/wp-content\/uploads\/2017\/11\/kulow.png\"><img loading=\"lazy\" decoding=\"async\" class=\"wp-image-347 alignnone\" src=\"https:\/\/bielefelder-friedensini.de\/wp-content\/uploads\/2017\/11\/kulow-212x300.png\" alt=\"\" width=\"514\" height=\"727\" srcset=\"https:\/\/bielefelder-friedensini.de\/wp-content\/uploads\/2017\/11\/kulow-212x300.png 212w, https:\/\/bielefelder-friedensini.de\/wp-content\/uploads\/2017\/11\/kulow-768x1087.png 768w, https:\/\/bielefelder-friedensini.de\/wp-content\/uploads\/2017\/11\/kulow-724x1024.png 724w, https:\/\/bielefelder-friedensini.de\/wp-content\/uploads\/2017\/11\/kulow.png 1240w\" sizes=\"auto, (max-width: 514px) 100vw, 514px\" \/><\/a><\/p>\n<p>Material: <a href=\"https:\/\/bielefelder-friedensini.de\/wp-content\/uploads\/2017\/11\/Kulow-171128-2xA5aufA4neu.pdf\">Flyer\/Plakat A4 (PDF 2,0MB)<\/a><\/p>\n","protected":false},"excerpt":{"rendered":"<p>Syrien: Werden nach dem R\u00fcckzug von IS nun endlich die Waffen schweigen? Karin Kulow 28. November 2017, Beginn: 20:00 Uhr, Mondo Buchhandlung Bereits seit reichlich sechs Jahren tobt auf syrischem Boden ein f\u00fcrchterlicher Vernichtungskrieg. Hunderttausende haben ihn mit dem Leben bezahlt. Millionen von Menschen haben Ihr Hab und Gut verloren. Fast die H\u00e4lfte der Bev\u00f6lkerung &hellip; <a href=\"https:\/\/bielefelder-friedensini.de\/?p=329\" class=\"more-link\"><span class=\"screen-reader-text\">Vortrag am 28. November<\/span> weiterlesen <span class=\"meta-nav\">&rarr;<\/span><\/a><\/p>\n","protected":false},"author":1,"featured_media":0,"comment_status":"closed","ping_status":"closed","sticky":false,"template":"","format":"standard","meta":{"footnotes":""},"categories":[3],"tags":[],"class_list":["post-329","post","type-post","status-publish","format-standard","hentry","category-archiv"],"_links":{"self":[{"href":"https:\/\/bielefelder-friedensini.de\/index.php?rest_route=\/wp\/v2\/posts\/329","targetHints":{"allow":["GET"]}}],"collection":[{"href":"https:\/\/bielefelder-friedensini.de\/index.php?rest_route=\/wp\/v2\/posts"}],"about":[{"href":"https:\/\/bielefelder-friedensini.de\/index.php?rest_route=\/wp\/v2\/types\/post"}],"author":[{"embeddable":true,"href":"https:\/\/bielefelder-friedensini.de\/index.php?rest_route=\/wp\/v2\/users\/1"}],"replies":[{"embeddable":true,"href":"https:\/\/bielefelder-friedensini.de\/index.php?rest_route=%2Fwp%2Fv2%2Fcomments&post=329"}],"version-history":[{"count":6,"href":"https:\/\/bielefelder-friedensini.de\/index.php?rest_route=\/wp\/v2\/posts\/329\/revisions"}],"predecessor-version":[{"id":348,"href":"https:\/\/bielefelder-friedensini.de\/index.php?rest_route=\/wp\/v2\/posts\/329\/revisions\/348"}],"wp:attachment":[{"href":"https:\/\/bielefelder-friedensini.de\/index.php?rest_route=%2Fwp%2Fv2%2Fmedia&parent=329"}],"wp:term":[{"taxonomy":"category","embeddable":true,"href":"https:\/\/bielefelder-friedensini.de\/index.php?rest_route=%2Fwp%2Fv2%2Fcategories&post=329"},{"taxonomy":"post_tag","embeddable":true,"href":"https:\/\/bielefelder-friedensini.de\/index.php?rest_route=%2Fwp%2Fv2%2Ftags&post=329"}],"curies":[{"name":"wp","href":"https:\/\/api.w.org\/{rel}","templated":true}]}}