{"id":3547,"date":"2026-03-11T15:14:37","date_gmt":"2026-03-11T13:14:37","guid":{"rendered":"https:\/\/bielefelder-friedensini.de\/?p=3547"},"modified":"2026-04-09T11:39:06","modified_gmt":"2026-04-09T09:39:06","slug":"ostermarsch-owl-2026","status":"publish","type":"post","link":"https:\/\/bielefelder-friedensini.de\/?p=3547","title":{"rendered":"Ostermarsch OWL 2026"},"content":{"rendered":"\n<figure class=\"wp-block-gallery has-nested-images columns-default is-cropped wp-block-gallery-1 is-layout-flex wp-block-gallery-is-layout-flex\">\n<figure class=\"wp-block-image size-large\"><a href=\"https:\/\/bielefelder-friedensini.de\/wp-content\/uploads\/2026\/03\/Ostermarsch-2026.jpg\"><img loading=\"lazy\" decoding=\"async\" width=\"600\" height=\"843\" data-id=\"3548\" src=\"https:\/\/bielefelder-friedensini.de\/wp-content\/uploads\/2026\/03\/Ostermarsch-2026.jpg\" alt=\"\" class=\"wp-image-3548\" srcset=\"https:\/\/bielefelder-friedensini.de\/wp-content\/uploads\/2026\/03\/Ostermarsch-2026.jpg 600w, https:\/\/bielefelder-friedensini.de\/wp-content\/uploads\/2026\/03\/Ostermarsch-2026-214x300.jpg 214w\" sizes=\"auto, (max-width: 600px) 100vw, 600px\" \/><\/a><\/figure>\n<\/figure>\n\n\n\n<p class=\"has-text-align-left has-large-font-size\"><strong>Friedensf\u00e4hig statt kriegst\u00fcchtig<\/strong><br><strong>Aufr\u00fcstung stoppen! \u2013 <\/strong><br><strong>Kriege beenden!<\/strong><br><strong>Keine milit\u00e4rische Nutzung <\/strong><br><strong>des Flughafens G\u00fctersloh<\/strong><\/p>\n\n\n\n<p><\/p>\n\n\n\n<p class=\"has-text-align-left has-large-font-size\"><strong>Freitag, 3. April: 15 Uhr <\/strong><br>am Flughafen G\u00fctersloh, Haupteingang <\/p>\n\n\n\n<p class=\"has-text-align-left has-large-font-size\"><strong>Samstag, 4. April<\/strong>: <strong>14 Uhr<\/strong><br>Auftakt: Jahnplatz Bielefeld<br><\/p>\n\n\n\n<p><\/p>\n\n\n\n<p class=\"has-medium-font-size\">Das Jahr 2026 begann mit dem v\u00f6lkerrechtswidrigen Milit\u00e4r\u00fcberfall der USA auf Venezuela und der Entf\u00fchrung des Pr\u00e4sidenten Maduro und seiner Ehefrau. Es folgten Kriegsdrohungen der USA gegen Kuba, Mexiko und den Iran sowie die Ank\u00fcndigung der Annexion von Gr\u00f6nland und Kanada. Die USA wollen gr\u00f6\u00dfte Weltmacht bleiben und daf\u00fcr ist ihnen jedes Mittel recht. Die Gefahr eines Weltkrieges wird gr\u00f6\u00dfer.<\/p>\n\n\n\n<p class=\"has-medium-font-size\">Der Krieg auf dem Boden der Ukraine ist zum Stellvertreterkrieg zwischen NATO und Russland geworden. Auch Deutschland und die EU sch\u00fcren diesen Krieg mit Waffenlieferungen, statt sich f\u00fcr Diplomatie und Verhandlungen stark zu machen. Trotz Waffenruhe f\u00fchrt die israelische Regierung den Genozid in Gaza weiter. Auch der Siedlerterror im Westjordanland wird fortgesetzt. In Syrien bek\u00e4mpfen Regierungsmilizen die kurdische Selbstverwaltung in Rojava. Auch im Sudan, dem Kongo, im Libanon und im Jemen werden Kriege gef\u00fchrt.<\/p>\n\n\n\n<p class=\"has-medium-font-size\">In Kriegen geht es um Macht und wirtschaftliche Interessen. Kriege erzeugen unermessliches Leid. Gezielt werden Menschen und Lebewesen get\u00f6tet oder verletzt. Kriege zerst\u00f6ren nicht nur Ressourcen und Geb\u00e4ude, sondern die nat\u00fcrlichen Lebensgrundlagen und versch\u00e4rfen die Klimakatastrophe. Menschen sterben, w\u00e4hrend die Profite der R\u00fcstungskonzerne in die H\u00f6he schie\u00dfen. Als Folge von Kriegen und Klimawandel fliehen weltweit immer mehr Menschen und sterben massenhaft auf den Fluchtrouten.<\/p>\n\n\n\n<p class=\"has-medium-font-size\">In Deutschland begann bereits unter der Ampelregierung ein massiver Aufr\u00fcstungskurs. Nach der Bundestagswahl 2025 verankerte der Bundestag unbegrenzte Aufr\u00fcstung im Grundgesetz. Die jetzige Bundesregierung will Deutschland zur gr\u00f6\u00dften konventionellen Milit\u00e4rmacht der EU und der europ\u00e4ischen NATO-Staaten machen und fordert einen Zugriff auf Atomwaffen. Begr\u00fcndet wird dies alles mit einem angeblich drohenden Angriff aus Russland. Doch bereits jetzt sind die Milit\u00e4rausgaben der europ\u00e4ischen NATO-Staaten h\u00f6her als diejenigen Russlands und sollen weiter steigen. Nach aktuellen Planungen soll in Deutschland 2029 fast die H\u00e4lfte des Bundeshaushaltes f\u00fcrs Milit\u00e4r ausgegeben werden. Diese gigantischen Ausgaben werden zur Demontage des Sozialstaats f\u00fchren. Die Angriffe auf die gesetzliche Rentenversicherung, die Krankenversicherung, die Grundsicherung und das Asylrecht nehmen massiv zu.<\/p>\n\n\n\n<p class=\"has-medium-font-size\">Bereits f\u00fcr dieses Jahr ist in Deutschland die Stationierung von US-Mittelstreckenwaffen geplant. \u00dcber ihren Einsatz entscheidet der US-Pr\u00e4sident. Es handelt sich um Erstschlagswaffen. Ihre Stationierung macht Deutschland nicht sicherer, sondern zu einem Angriffsziel und setzt einen R\u00fcstungswettlauf in Gang.<\/p>\n\n\n\n<p class=\"has-medium-font-size\"><em>\/<\/em>Der ehemalige Flughafen G\u00fctersloh und f\u00fcr zivile Nutzung umgeplante Kasernen werden f\u00fcr milit\u00e4rische Zwecke \u00fcberpr\u00fcft. Bundeswehr und NATO w\/ollen in der Region neue milit\u00e4rische Kapazit\u00e4ten f\u00fcr zuk\u00fcnftige Kriege aufbauen.<\/p>\n\n\n\n<p class=\"has-medium-font-size\">Die gesamte Gesellschaft soll kriegst\u00fcchtig gemacht werden. Grundrechte werden immer weiter eingeschr\u00e4nkt und Kritik an der Kriegsvorbereitung wird diffamiert und kriminalisiert.<\/p>\n\n\n\n<p class=\"has-medium-font-size\">Die Wiedereinf\u00fchrung der Wehrpflicht ist beschlossen. Besonders gegen diesen massiven Angriff auf die Jugend entwickelt sich zunehmend Widerstand. Wir sagen: <strong>NEIN<\/strong> zu Kriegsvorbereitung und Kriegst\u00fcchtigkeit!<\/p>\n\n\n\n<p class=\"has-medium-font-size\">Wir treten ein f\u00fcr:<\/p>\n\n\n\n<ul class=\"wp-block-list has-medium-font-size\">\n<li><strong>Diplomatie statt Krieg!<\/strong><\/li>\n\n\n\n<li><strong>Vereinte Nationen erhalten und st\u00e4rken! V\u00f6lkerrecht einhalten!<\/strong><\/li>\n\n\n\n<li><strong>Keine Waffenlieferungen an die Ukraine, Israel und in alle Welt!<\/strong><\/li>\n\n\n\n<li><strong>Keine Stationierung von US-Mittelstreckenraketen in Deutschland!<\/strong><\/li>\n\n\n\n<li><strong>Atomwaffen raus aus Deutschland!<\/strong><\/li>\n\n\n\n<li><strong>Den UN-Atomwaffenverbotsvertrag unterzeichnen!<\/strong><\/li>\n\n\n\n<li><strong>Abr\u00fcsten statt Aufr\u00fcsten!<\/strong><\/li>\n\n\n\n<li><strong>Keine Demontage des Sozialstaats!<\/strong><\/li>\n\n\n\n<li><strong>Geld f\u00fcr Klima- und Naturschutz, Bildung, Gesundheit und Soziales!<\/strong><\/li>\n\n\n\n<li><strong>Nein zur Wehrpflicht und zu Zwangsdiensten!<\/strong><\/li>\n\n\n\n<li><strong>Keine Bundeswehrpropaganda an Schulen!<\/strong><\/li>\n\n\n\n<li><strong>Keine neuen Milit\u00e4rstandorte! Wohnraum statt Waffen!<\/strong><\/li>\n\n\n\n<li><strong>Fluchtursachen bek\u00e4mpfen, nicht Gefl\u00fcchtete!<\/strong><\/li>\n\n\n\n<li><strong>Keine Einschr\u00e4nkung von Meinungs- und Informationsfreiheit!<br><\/strong><\/li>\n<\/ul>\n\n\n\n<p class=\"has-medium-font-size\"><strong>Friedensf\u00e4hig statt kriegst\u00fcchtig!<\/strong><br><\/p>\n\n\n\n<p class=\"has-medium-font-size\">Unterst\u00fctzer:innen:<br>AK Asyl Bielefeld<br>Bielefelder Nahostinitiative<br>BSW Bielefeld<br>BSW G\u00fctersloh<br>Care Revolution Bielefeld<br>DIDF Bielefeld<br>DFG-VK<br>Die Linke Bielefeld<br>Die Linke G\u00fctersloh<br>Die Linke Herford<br>Die Linke Paderborn<br>DKP Herford<br>DKP Bielefeld<br>DKP G\u00fctersloh<br>DKP Minden<br>DKP Paderborn<br>Fair Leben G\u00fctersloh<br>Ev. S\u00fcsterkirchengemeinde Bielefeld<br>Eltern und Gro\u00dfeltern gegen Wehrdienst<br>Friedensbeauftragter Kirchenkreis Herford<br>Friedensinitiative Bielefeld OWL<br>Flugplatzinitiative G\u00fctersloh<br>GEW Friedensgruppe<br>Initiative gegen Krieg und Militarismus Bielefeld<br>IPPNW Deutschland<br>Klimabeirat G\u00fctersloh<br>Organisationsberatung HumanLight Bielefeld<br>Rheinmetall entwaffnen<br>Solidarit\u00e4t f\u00fcr Pal\u00e4stina Bielefeld<br>SDS Bielefeld<br>SDAJ Bielefeld<br>Ver.di Friedensgruppe Frieden jetzt Bielefeld<br>Vers\u00f6hnungsbund Regionalgruppe Bielefeld<br>VVN-BdA Bielefeld<br>Wohnraum statt Waffen Bielefeld<\/p>\n\n\n\n<p class=\"has-medium-font-size\"><strong>Flyer Ostermarsch 2026:<\/strong> <a href=\"https:\/\/bielefelder-friedensini.de\/wp-content\/uploads\/2026\/03\/OM-Flyer-2026.pdf\">https:\/\/bielefelder-friedensini.de\/wp-content\/uploads\/2026\/03\/OM-Flyer-2026.pdf<\/a><\/p>\n\n\n\n<p><\/p>\n","protected":false},"excerpt":{"rendered":"<p>Friedensf\u00e4hig statt kriegst\u00fcchtigAufr\u00fcstung stoppen! \u2013 Kriege beenden!Keine milit\u00e4rische Nutzung des Flughafens G\u00fctersloh Freitag, 3. April: 15 Uhr am Flughafen G\u00fctersloh, Haupteingang Samstag, 4. April: 14 UhrAuftakt: Jahnplatz Bielefeld Das Jahr 2026 begann mit dem v\u00f6lkerrechtswidrigen Milit\u00e4r\u00fcberfall der USA auf Venezuela und der Entf\u00fchrung des Pr\u00e4sidenten Maduro und seiner Ehefrau. Es folgten Kriegsdrohungen der USA gegen &hellip; <a href=\"https:\/\/bielefelder-friedensini.de\/?p=3547\" class=\"more-link\"><span class=\"screen-reader-text\">Ostermarsch OWL 2026<\/span> weiterlesen <span class=\"meta-nav\">&rarr;<\/span><\/a><\/p>\n","protected":false},"author":6,"featured_media":0,"comment_status":"closed","ping_status":"closed","sticky":false,"template":"","format":"standard","meta":{"footnotes":""},"categories":[1],"tags":[],"class_list":["post-3547","post","type-post","status-publish","format-standard","hentry","category-aktuelles"],"_links":{"self":[{"href":"https:\/\/bielefelder-friedensini.de\/index.php?rest_route=\/wp\/v2\/posts\/3547","targetHints":{"allow":["GET"]}}],"collection":[{"href":"https:\/\/bielefelder-friedensini.de\/index.php?rest_route=\/wp\/v2\/posts"}],"about":[{"href":"https:\/\/bielefelder-friedensini.de\/index.php?rest_route=\/wp\/v2\/types\/post"}],"author":[{"embeddable":true,"href":"https:\/\/bielefelder-friedensini.de\/index.php?rest_route=\/wp\/v2\/users\/6"}],"replies":[{"embeddable":true,"href":"https:\/\/bielefelder-friedensini.de\/index.php?rest_route=%2Fwp%2Fv2%2Fcomments&post=3547"}],"version-history":[{"count":15,"href":"https:\/\/bielefelder-friedensini.de\/index.php?rest_route=\/wp\/v2\/posts\/3547\/revisions"}],"predecessor-version":[{"id":3580,"href":"https:\/\/bielefelder-friedensini.de\/index.php?rest_route=\/wp\/v2\/posts\/3547\/revisions\/3580"}],"wp:attachment":[{"href":"https:\/\/bielefelder-friedensini.de\/index.php?rest_route=%2Fwp%2Fv2%2Fmedia&parent=3547"}],"wp:term":[{"taxonomy":"category","embeddable":true,"href":"https:\/\/bielefelder-friedensini.de\/index.php?rest_route=%2Fwp%2Fv2%2Fcategories&post=3547"},{"taxonomy":"post_tag","embeddable":true,"href":"https:\/\/bielefelder-friedensini.de\/index.php?rest_route=%2Fwp%2Fv2%2Ftags&post=3547"}],"curies":[{"name":"wp","href":"https:\/\/api.w.org\/{rel}","templated":true}]}}