{"id":365,"date":"2018-01-09T09:31:15","date_gmt":"2018-01-09T07:31:15","guid":{"rendered":"https:\/\/bielefelder-friedensini.de\/?p=365"},"modified":"2018-02-21T01:40:30","modified_gmt":"2018-02-20T23:40:30","slug":"deutschland-muss-dem-atomwaffenverbotsvertrag-beitreten-abruesten-fuer-globale-gerechtigkeit","status":"publish","type":"post","link":"https:\/\/bielefelder-friedensini.de\/?p=365","title":{"rendered":"Deutschland muss dem Atomwaffenverbotsvertrag beitreten!  Abr\u00fcsten f\u00fcr globale Gerechtigkeit!"},"content":{"rendered":"<p><strong>Bielefelder Aktion zum Atomwaffenverbotsvertrag<\/strong><\/p>\n<p><strong> 10. Januar 2018, 16 -18 Uhr, Bielefeld, Jahnplatz bei der Uhr<\/strong><\/p>\n<p><strong>Veranstalter: Bielefelder Friedensinitiative<\/strong><\/p>\n<p>Die Bedrohungen in dieser Welt haben im letzten Jahr zugenommen. Der Generalsekret\u00e4r der Vereinten Nationen, Antonio Guterres, hat in seiner Neujahrsbotschaft darauf hingewiesen, dass sich viele bewaffnete Konflikte versch\u00e4rft h\u00e4tten. Die Angst vor Atomwaffen sei wieder so stark wie zu Zeiten des Kalten Krieges.<\/p>\n<p>Die Bielefelder Friedensinitiative ruft deswegen zur Teilnahme an der Bielefelder Aktion zum Atomwaffenverbotsvertrag am 10. Januar auf. Dabei soll auch die Verleihung des Friedensnobelpreises an ICAN, der internationalen Kampagne zur Abschaffung von Atomwaffen, gew\u00fcrdigt werden.<\/p>\n<p>\u201eIn mehreren Regionen weltweit toben konventionelle Kriege, allen voran in Syrien, im Irak und im Jemen, in Afghanistan und in verschiedenen L\u00e4ndern Nordafrikas \u00a0 \u00a0 \u00a0 \u00a0 und nun droht der Atomkonflikt zwischen Nordkorea und den USA sowie Iran einerseits sowie Saudi-Arabien und den USA andererseits zu eskalieren\u201c, so Monika Greve von der Friedensinitiative Bielefeld.<\/p>\n<p>\u201eF\u00fcr uns im Mittelpunkt steht die drohende Atomeskalation um Nordkorea\u201c, so Dr. med. Angelika Clau\u00dfen, IPPNW. \u201eBundeskanzlerin Merkel muss deutlich machen, dass wir jetzt weltweit in einen Prozess eintreten m\u00fcssen, Atomwaffen abzuschaffen. Das Instrument dazu ist der Atomwaffenverbotsvertrag, der jetzt in Genf zur Unterschrift aus liegt. Weiterhin k\u00f6nnte sich die Bundesregierung als glaubw\u00fcrdiger Partner anbieten, im Atomkonflikt um Nordkorea zu vermitteln\u201c.<\/p>\n<p>Gerade in dieser schwierigen Situation will die Friedensinitiative die Bundesregierung zu konkreten Handlungen im Sinne der Friedenslogik bewegen und gibt Beispiele, wie die Bev\u00f6lkerung mitmachen kann. Die Friedensinitiative stellt zwei Unterschriftensammlungen vor, die sich in ihrer Wirkung erg\u00e4nzen.<\/p>\n<p>Da ist zun\u00e4chst der Appell an die Bundesregierung, dem Atomwaffenverbotsvertrag beizutreten. Der zweite Appell ist von vier Gewerkschaftsvorsitzenden und f\u00fchrenden Vertretern der Friedens- und Umweltbewegung, von K\u00fcnstlerinnen und WissenschaftlerInnen initiiert: Er hei\u00dft: \u201eAbr\u00fcsten statt aufr\u00fcsten! Abr\u00fcsten f\u00fcr die globale Gerechtigkeit!\u201c<\/p>\n<p>In einer Zeit neoliberaler gesellschaftlicher Umgestaltung will die Bielefelder Friedensinitiative Zeichen setzen, aufzeigen, dass eine andere Politik m\u00f6glich ist. Mit friedlicher Konfliktl\u00f6sung, Entmilitarisierung, internationaler Entspannung und gemeinsamer Sicherheit, auch mit Russland.<\/p>\n","protected":false},"excerpt":{"rendered":"<p>Bielefelder Aktion zum Atomwaffenverbotsvertrag 10. Januar 2018, 16 -18 Uhr, Bielefeld, Jahnplatz bei der Uhr Veranstalter: Bielefelder Friedensinitiative Die Bedrohungen in dieser Welt haben im letzten Jahr zugenommen. Der Generalsekret\u00e4r der Vereinten Nationen, Antonio Guterres, hat in seiner Neujahrsbotschaft darauf hingewiesen, dass sich viele bewaffnete Konflikte versch\u00e4rft h\u00e4tten. Die Angst vor Atomwaffen sei wieder so &hellip; <a href=\"https:\/\/bielefelder-friedensini.de\/?p=365\" class=\"more-link\"><span class=\"screen-reader-text\">Deutschland muss dem Atomwaffenverbotsvertrag beitreten!  Abr\u00fcsten f\u00fcr globale Gerechtigkeit!<\/span> weiterlesen <span class=\"meta-nav\">&rarr;<\/span><\/a><\/p>\n","protected":false},"author":1,"featured_media":0,"comment_status":"closed","ping_status":"closed","sticky":false,"template":"","format":"standard","meta":{"footnotes":""},"categories":[3],"tags":[],"class_list":["post-365","post","type-post","status-publish","format-standard","hentry","category-archiv"],"_links":{"self":[{"href":"https:\/\/bielefelder-friedensini.de\/index.php?rest_route=\/wp\/v2\/posts\/365","targetHints":{"allow":["GET"]}}],"collection":[{"href":"https:\/\/bielefelder-friedensini.de\/index.php?rest_route=\/wp\/v2\/posts"}],"about":[{"href":"https:\/\/bielefelder-friedensini.de\/index.php?rest_route=\/wp\/v2\/types\/post"}],"author":[{"embeddable":true,"href":"https:\/\/bielefelder-friedensini.de\/index.php?rest_route=\/wp\/v2\/users\/1"}],"replies":[{"embeddable":true,"href":"https:\/\/bielefelder-friedensini.de\/index.php?rest_route=%2Fwp%2Fv2%2Fcomments&post=365"}],"version-history":[{"count":1,"href":"https:\/\/bielefelder-friedensini.de\/index.php?rest_route=\/wp\/v2\/posts\/365\/revisions"}],"predecessor-version":[{"id":366,"href":"https:\/\/bielefelder-friedensini.de\/index.php?rest_route=\/wp\/v2\/posts\/365\/revisions\/366"}],"wp:attachment":[{"href":"https:\/\/bielefelder-friedensini.de\/index.php?rest_route=%2Fwp%2Fv2%2Fmedia&parent=365"}],"wp:term":[{"taxonomy":"category","embeddable":true,"href":"https:\/\/bielefelder-friedensini.de\/index.php?rest_route=%2Fwp%2Fv2%2Fcategories&post=365"},{"taxonomy":"post_tag","embeddable":true,"href":"https:\/\/bielefelder-friedensini.de\/index.php?rest_route=%2Fwp%2Fv2%2Ftags&post=365"}],"curies":[{"name":"wp","href":"https:\/\/api.w.org\/{rel}","templated":true}]}}