{"id":388,"date":"2018-02-21T21:31:43","date_gmt":"2018-02-21T19:31:43","guid":{"rendered":"https:\/\/bielefelder-friedensini.de\/?p=388"},"modified":"2018-04-27T22:45:02","modified_gmt":"2018-04-27T20:45:02","slug":"ostermarsch-ostwestfalen-lippe-2018","status":"publish","type":"post","link":"https:\/\/bielefelder-friedensini.de\/?p=388","title":{"rendered":"Ostermarsch Ostwestfalen-Lippe 2018"},"content":{"rendered":"<p lang=\"de-DE\"><span style=\"font-size: medium;\"><b>Wann: Ostersamstag, den 31.03.2018<br \/>\n<\/b><\/span><span style=\"font-size: medium;\"><b>Beginn: 11:30 Uhr <\/b><\/span><span style=\"font-size: medium;\"><span lang=\"de-DE\"><b>Bielefeld <\/b><\/span><\/span><span style=\"font-size: medium;\"><b>am Kesselbrink<br \/>\n<\/b><\/span><span style=\"font-size: medium;\"><b>Ende: 14 Uhr <\/b><\/span><span style=\"font-size: medium;\"><span lang=\"de-DE\"><b>Bielefeld <\/b><\/span><\/span><span style=\"font-size: medium;\"><b>am Jahnplatz<\/b><\/span><\/p>\n<p class=\"western\" align=\"center\"><span style=\"font-size: x-large;\"><b>Abr\u00fcstung und Frieden statt Krieg!<\/b><\/span><\/p>\n<h4 class=\"western\" lang=\"de-DE\">Der Atomwaffenverbotsvertrag \u2013 gro<span lang=\"de-DE\">\u00df<\/span>er Erfolg der Friedensbewegung<\/h4>\n<p lang=\"de-DE\" align=\"justify\"><span style=\"color: #000000;\"><span style=\"font-size: small;\">Am 7. Juli 2017 wurde in den Vereinten Nationen ein <\/span><\/span><span style=\"color: #0000ff;\"><span style=\"color: #000000;\"><span style=\"font-size: small;\"><a href=\"https:\/\/www.icanw.de\/wp-content\/uploads\/2017\/07\/a-conf-229-17-8.pdf\" target=\"_blank\" rel=\"noopener\">Abkommen zum Verbot von Atomwaffen<\/a><\/span><\/span><\/span><span style=\"color: #000000;\"><span style=\"font-size: small;\"> angenommen \u2014 ein Meilenstein in den Abr\u00fcstungsbem\u00fchungen. ICAN \u2014 die internationale Kampagne zur Abschaffung von Atomwaffen \u2014 wurde deswegen am 10. Dezember 2017 der Friedensnobelpreis verliehen. Die deutsche Bundesregierung lehnt es jedoch ab, dem Vertrag beizutreten.<\/span><\/span><\/p>\n<ul>\n<li>\n<p align=\"justify\"><span style=\"font-size: small;\">Beitritt zum UN-Atomwaffenverbotsvertrag! Atomwaffen raus aus Deutschland!<\/span><\/p>\n<\/li>\n<\/ul>\n<h4 class=\"western\">Krieg ist ein Verbrechen an der Menschheit. Krieg t\u00f6tet, zerst\u00f6rt Lebensgrundlagen. Krieg f\u00fchrt zu Flucht und Vertreibung und zerst\u00f6rt Menschenseelen.<\/h4>\n<p lang=\"de-DE\" align=\"justify\"><span style=\"color: #000000;\"><span style=\"font-size: small;\">Oft h\u00f6ren wir von Politiker*innen, dass wir in Deutschland nun seit 70 Jahren im Frieden leben. Dies ist aber nur richtig, wenn wir die <\/span><\/span><span style=\"color: #000000;\"><span style=\"font-size: small;\"><span lang=\"de-DE\">deutsche Au\u00dfenpolitik<\/span><\/span><\/span><span style=\"color: #000000;\"><span style=\"font-size: small;\"> ausklammern. Seit Ende des Kalten Krieges ist die deutsche Armee an einer ganzen Reihe von Kriegseins\u00e4tzen beteiligt gewesen und ist es noch. Ob der Jugoslawienkrieg, der Krieg in Afghanistan oder aktuell in Syrien<\/span><\/span><span style=\"color: #000000;\"><span style=\"font-size: small;\"><span lang=\"de-DE\">, Irak,<\/span><\/span><\/span><span style=\"color: #000000;\"><span style=\"font-size: small;\"> Mali<\/span><\/span><span style=\"color: #000000;\"><span style=\"font-size: small;\"><span lang=\"de-DE\">, Somalia, Horn von Afrika und Kosovo<\/span><\/span><\/span><span style=\"color: #000000;\"><span style=\"font-size: small;\">: Die Bundeswehr beteiligt sich an <\/span><\/span><span style=\"color: #000000;\"><span style=\"font-size: small;\"><span lang=\"de-DE\">Angriffsk<\/span><\/span><\/span><span style=\"color: #000000;\"><span style=\"font-size: small;\">riegen <\/span><\/span><span style=\"color: #000000;\"><span style=\"font-size: small;\"><span lang=\"de-DE\">und<\/span><\/span><\/span><span style=\"color: #000000;\"><span style=\"font-size: small;\"> auch an de<\/span><\/span><span style=\"color: #000000;\"><span style=\"font-size: small;\"><span lang=\"de-DE\">r<\/span><\/span><\/span><span style=\"color: #000000;\"><span style=\"font-size: small;\"> menschenverachtenden <\/span><\/span><span style=\"color: #000000;\"><span style=\"font-size: small;\"><span lang=\"de-DE\">EU-Bek\u00e4mpfung<\/span><\/span><\/span><span style=\"color: #000000;\"><span style=\"font-size: small;\"> Fl\u00fcchtende<\/span><\/span><span style=\"color: #000000;\"><span style=\"font-size: small;\"><span lang=\"de-DE\">r<\/span><\/span><\/span><span style=\"color: #000000;\"><span style=\"font-size: small;\"> im Mittelmeer. Der <\/span><\/span><span style=\"color: #000000;\"><span style=\"font-size: small;\">EU-Thinktank EUISS <\/span><\/span><span style=\"font-size: small;\">sieht es als Ziel<\/span><span style=\"color: #000000;\"><span style=\"font-size: small;\">, die <\/span><\/span><span style=\"color: #000000;\"><span style=\"font-size: small;\">\u201eStr\u00f6me der Globalisierung\u201c durch \u201eharte Machtpolitik\u201c zu sch\u00fctzen und durch Abschottungseins\u00e4tze \u201edie globalen Reichen von den Spannungen und Problemen der Armen abzusichern\u201c.<\/span><\/span><\/p>\n<p lang=\"de-DE\" align=\"justify\"><span style=\"color: #000000;\"><span style=\"font-size: small;\">Kriegseins\u00e4tze <\/span><\/span><span style=\"color: #000000;\"><span style=\"font-size: small;\"><span lang=\"de-DE\">beginnen<\/span><\/span><\/span><span style=\"color: #000000;\"><span style=\"font-size: small;\"> nicht irgendwo weit weg. Sie beginnen hier \u2014 auch in NRW. Auch von hier werden die Kriegseins\u00e4tze der deutschen und der NATO-Luftwaffe gesteuert.<\/span><\/span> <span style=\"color: #000000;\"><span style=\"font-size: small;\">Wir sagen deutlich: Krieg ist ein Verbrechen an der Menschheit, egal mit welchen Begriffen er auch bem\u00e4ntelt wird \u2014 als \u201ehumanit\u00e4rer Einsatz\u201c, \u201ef\u00fcr die Menschenrechte\u201c oder \u201eKrieg gegen den Terror\u201c.<\/span><\/span><\/p>\n<p lang=\"de-DE\" align=\"justify\"><span style=\"color: #000000;\"><span style=\"font-size: small;\">Die heutigen Kriege erwachsen aus K\u00e4mpfen um geopolitische Macht, um Profite, M\u00e4rkte<\/span><\/span><span style=\"color: #000000;\"><span style=\"font-size: small;\"><span lang=\"de-DE\">, Handelswege<\/span><\/span><\/span><span style=\"color: #000000;\"><span style=\"font-size: small;\"> oder Ressourcen. Deutschland und die westlichen Industrienationen sind daran ma\u00dfgeblich beteiligt. Im Wei\u00dfbuch 2016 der Bundeswehr steht bei der sicherheitspolitischen Interessendefinition Deutschlands <\/span><\/span><span style=\"color: #000000;\"><span style=\"font-size: small;\"><span lang=\"de-DE\">an vierter Stelle<\/span><\/span><\/span><span style=\"color: #000000;\"><span style=\"font-size: small;\"> \u201eWohlstand unserer B\u00fcrgerinnen und B\u00fcrger durch Prosperit\u00e4t unserer Wir<\/span><\/span><span style=\"color: #000000;\"><span style=\"font-size: small;\"><span lang=\"de-DE\">t<\/span><\/span><\/span><span style=\"color: #000000;\"><span style=\"font-size: small;\">schaft und freien sowie ungehinderten Welthandel\u201c.<br \/>\n<\/span><\/span><span style=\"font-size: small;\">Daf\u00fcr <\/span><span style=\"font-size: small;\"><span lang=\"de-DE\">ist Deutschland an Kriegen beteiligt<\/span><\/span><span style=\"font-size: small;\"> und <\/span><span style=\"font-size: small;\"><span lang=\"de-DE\">unterst\u00fctzt Diktaturen<\/span><\/span><span style=\"font-size: small;\"> wie Saudi-Arabien<\/span><span style=\"font-size: small;\"><span lang=\"de-DE\"> und<\/span><\/span> <span style=\"font-size: small;\"><span lang=\"de-DE\">die <\/span><\/span><span style=\"font-size: small;\">T\u00fcrkei<\/span><span style=\"font-size: small;\"><span lang=\"de-DE\">, die mit deutschen Waffen und deutscher R\u00fcckendeckung Kriege f\u00fchren \u2013 <\/span><\/span><span style=\"color: #000000;\"><span style=\"font-size: small;\">als massive Terrorunterst\u00fctzer sowie durch den Jemenkrieg bzw. den v\u00f6lkerrechtswidrigen Einmarsch in Nordsyrien\/Afrin. Mit deutschen Leopard-Panzern f\u00fchrt das NATO-Mitglied T\u00fcrkei Krieg gegen<\/span><\/span> <strong><span style=\"color: #000000;\"><span style=\"font-size: small;\"> die \u00fcberwiegend kurdische Bev\u00f6lkerung in Afrin, die entscheidend dazu beigetragen hat, Syrien vom IS zu befreien und in den letzten Jahren eine multiethnische, mulitreligi\u00f6se und r\u00e4tedemokratische Selbstverwaltung aufgebaut hat. Au\u00dferdem f\u00fchrt die t\u00fcrkische Regierung Krieg gegen die eigene Bev\u00f6lkerung. <\/span><\/span><\/strong><\/p>\n<ul>\n<li>\n<p align=\"justify\"><strong><span style=\"color: #000000;\"><span style=\"font-size: small;\">Schluss mit den Auslandseins\u00e4tzen der Bundeswehr! Keine Bundeswehreins\u00e4tze im Innern!<\/span><\/span><\/strong><\/p>\n<\/li>\n<li>\n<p align=\"justify\"><strong><span style=\"color: #000000;\"><span style=\"font-size: small;\">Stopp aller Abschiebungen! Asyl ist Menschenrecht! Familienzusammenf\u00fchrungen durchsetzen!<\/span><\/span><\/strong><\/p>\n<\/li>\n<li>\n<p align=\"justify\"><strong><span style=\"color: #000000;\"><span style=\"font-size: small;\">Stopp aller R\u00fcstungsexporte. Verbot von Lizenzen und der Verlagerung der R\u00fcstungsproduktion ins Ausland. <\/span><\/span><\/strong><\/p>\n<\/li>\n<li>\n<p class=\"western\" align=\"justify\"><strong><span style=\"color: #000000;\"><span style=\"font-family: Calibri, sans-serif;\"><span style=\"font-size: small;\">Verurteilung der v\u00f6lkerrechtswidrigen Invasion des NATO-Mitglieds T\u00fcrkei in Syrien \/Afrin!<\/span><\/span><\/span><\/strong><\/p>\n<\/li>\n<\/ul>\n<h4 class=\"western\">Gro\u00dfe Bedrohungen: &#8211; die Konfrontation mit Russland, Iran, Nordkorea und China &#8212; Naturzerst\u00f6rung und Klimawandel<\/h4>\n<p class=\"western\"><span style=\"font-size: small;\">Die Nato ist heute ein globaler Kriegsakteur und hinterl\u00e4sst in zahlreichen L\u00e4ndern eine blutige Spur aus Chaos und Zerst\u00f6rung. Parallel dazu ging sie auf einen antirussischen Expansionskurs, um so die westliche Vorherrschaft auf Dauer zu zementieren. Der NATO-Aufmarsch vor der russischen Grenze ist ein hochriskantes Spiel mit dem Feuer. Sehr gef\u00e4hrlich sind au\u00dferdem<\/span><span style=\"color: #000000;\"><span style=\"font-size: small;\"> die Gefahr eines Krieges im Konflikt mit Nordkorea und mit Iran. Das gleiche gilt f\u00fcr die neue Milit\u00e4rstrategie der US-Regierung: Gedroht wird bereits bei strategischen konventionellen Angriffen mit einer atomaren Antwort.<br \/>\nDer durch die kapitalistische Produktionsweise der Industriel\u00e4nder angeheizte Klimawandel und Umweltzerst\u00f6rung ist eine Ursache f\u00fcr Krieg und Vertreibung in aller Welt. Wir brauchen eine Entspannungspolitik mit weitreichenden Ma\u00dfnahmen f\u00fcr den Erhalt der sozialen Strukturen und der Natur.<\/span><\/span><\/p>\n<ul>\n<li>\n<p class=\"western\"><span style=\"font-size: small;\">Aufl\u00f6sung aller US- und NATO-Milit\u00e4rst\u00fctzpunkte in Deutschland! Keine Beteiligung an den US-Drohnenmorden (via Ramstein und Africom)!<\/span><\/p>\n<\/li>\n<li>\n<p class=\"western\"><span style=\"font-size: small;\">Entspannungspolitik jetzt! Kooperation statt Konfrontation, auch mit Russland. <\/span><\/p>\n<\/li>\n<\/ul>\n<h4 class=\"western\" lang=\"de-DE\">Kriegspolitik auch in NRW und in der Senne<\/h4>\n<p lang=\"de-DE\" align=\"justify\"><span style=\"font-size: small;\">Auch in NRW wird Kriegspolitik betrieben. In Kalkar\/Uedem und im K\u00f6lner Raum befinden sich Bundeswehr- und NATO-Milit\u00e4rstandorte, die u. a. f\u00fcr Luftkriege zust\u00e4ndig sind.<\/span><\/p>\n<p lang=\"de-DE\" align=\"justify\"><span style=\"color: #000000;\"><span style=\"font-size: small;\">Die Bundeswehr wirbt massiv in der \u00d6ffentlichkeit u.a. an Schulen f\u00fcr die zunehmenden Auslandseins\u00e4tze. <\/span><\/span><span style=\"color: #000000;\"><span style=\"font-size: small;\"><span lang=\"de-DE\">Diese verw\u00fcsten die angegriffenen L\u00e4nder und lassen Einwohner*innen und<\/span><\/span><\/span><span style=\"color: #000000;\"><span style=\"font-size: small;\"> Bundeswehrsoldat*innen traumatisiert zur\u00fcck. Gleichzeitig fehlt eine konsequente schulische Friedensbildung. <\/span><\/span><\/p>\n<p lang=\"de-DE\" align=\"justify\"><span style=\"font-size: small;\">Sinn und Zweck des Truppen\u00fcbungsplatzes Senne ist die Vorbereitung der Armee auf Kriegseins\u00e4tze. Die Briten \u00fcberlegen, die Normandie-<\/span><span style=\"color: #000000;\"><span style=\"font-size: small;\">Kaserne im Sennelager als Vorposten f\u00fcr Truppen und Schwertransporte weiter zu nutzen. <\/span><\/span><span style=\"font-size: small;\">Wir fordern die sofortige Einstellung der Kriegs\u00fcbungen und die Umwandlung des Platzes in einen Nationalpark.<\/span><\/p>\n<ul>\n<li>\n<p align=\"justify\"><span style=\"font-size: small;\">Kein Werben f\u00fcrs Sterben! Keine Rekrutierung von Minderj\u00e4hrigen durch die Bundeswehr! Verbot von Bundeswehrangeboten f\u00fcr Minderj\u00e4hrige und von Bundeswehrauftritten auf Volksfesten! <\/span><span style=\"font-size: small;\">Aufhebung aller Kooperationsvertr\u00e4ge zwischen Bundeswehr und Schule sowie eine konsequente Friedensbildung in Schulen!<\/span><\/p>\n<\/li>\n<li>\n<p align=\"justify\"><span style=\"font-size: small;\">Keine Forschung f\u00fcrs T\u00f6ten \u2013 Zivilklauseln an allen Hochschulen und Verbot milit\u00e4rischer Drittmittelprojekte!<\/span><\/p>\n<\/li>\n<li>\n<p align=\"justify\"><span style=\"font-size: small;\">Wir fordern den Abzug des britischen Milit\u00e4rs aus der Senne und die Einstellung aller Kriegsvorbereitungen. Nationalpark Senne statt Truppen\u00fcbungsplatz!<\/span><\/p>\n<\/li>\n<\/ul>\n<p lang=\"de-DE\" align=\"justify\"><span style=\"font-size: small;\"><i>Wir distanzieren uns ausdr\u00fccklich von jeglicher Form von Rassismus, Antisemitismus, Islamfeindlichkeit und Sexismus. Ausschlussklausel: Personen, die rechtsextremen Parteien oder Organisationen angeh\u00f6ren oder der rechtsextremen Szene zuzuordnen sind, sind von der Teilnahme am Ostermarsch ausgeschlossen.<\/i><\/span><\/p>\n","protected":false},"excerpt":{"rendered":"<p>Wann: Ostersamstag, den 31.03.2018 Beginn: 11:30 Uhr Bielefeld am Kesselbrink Ende: 14 Uhr Bielefeld am Jahnplatz Abr\u00fcstung und Frieden statt Krieg! Der Atomwaffenverbotsvertrag \u2013 gro\u00dfer Erfolg der Friedensbewegung Am 7. Juli 2017 wurde in den Vereinten Nationen ein Abkommen zum Verbot von Atomwaffen angenommen \u2014 ein Meilenstein in den Abr\u00fcstungsbem\u00fchungen. ICAN \u2014 die internationale Kampagne &hellip; <a href=\"https:\/\/bielefelder-friedensini.de\/?p=388\" class=\"more-link\"><span class=\"screen-reader-text\">Ostermarsch Ostwestfalen-Lippe 2018<\/span> weiterlesen <span class=\"meta-nav\">&rarr;<\/span><\/a><\/p>\n","protected":false},"author":1,"featured_media":0,"comment_status":"closed","ping_status":"closed","sticky":false,"template":"","format":"standard","meta":{"footnotes":""},"categories":[3],"tags":[],"class_list":["post-388","post","type-post","status-publish","format-standard","hentry","category-archiv"],"_links":{"self":[{"href":"https:\/\/bielefelder-friedensini.de\/index.php?rest_route=\/wp\/v2\/posts\/388","targetHints":{"allow":["GET"]}}],"collection":[{"href":"https:\/\/bielefelder-friedensini.de\/index.php?rest_route=\/wp\/v2\/posts"}],"about":[{"href":"https:\/\/bielefelder-friedensini.de\/index.php?rest_route=\/wp\/v2\/types\/post"}],"author":[{"embeddable":true,"href":"https:\/\/bielefelder-friedensini.de\/index.php?rest_route=\/wp\/v2\/users\/1"}],"replies":[{"embeddable":true,"href":"https:\/\/bielefelder-friedensini.de\/index.php?rest_route=%2Fwp%2Fv2%2Fcomments&post=388"}],"version-history":[{"count":5,"href":"https:\/\/bielefelder-friedensini.de\/index.php?rest_route=\/wp\/v2\/posts\/388\/revisions"}],"predecessor-version":[{"id":394,"href":"https:\/\/bielefelder-friedensini.de\/index.php?rest_route=\/wp\/v2\/posts\/388\/revisions\/394"}],"wp:attachment":[{"href":"https:\/\/bielefelder-friedensini.de\/index.php?rest_route=%2Fwp%2Fv2%2Fmedia&parent=388"}],"wp:term":[{"taxonomy":"category","embeddable":true,"href":"https:\/\/bielefelder-friedensini.de\/index.php?rest_route=%2Fwp%2Fv2%2Fcategories&post=388"},{"taxonomy":"post_tag","embeddable":true,"href":"https:\/\/bielefelder-friedensini.de\/index.php?rest_route=%2Fwp%2Fv2%2Ftags&post=388"}],"curies":[{"name":"wp","href":"https:\/\/api.w.org\/{rel}","templated":true}]}}