{"id":78,"date":"2014-11-20T16:23:17","date_gmt":"2014-11-20T14:23:17","guid":{"rendered":"http:\/\/bielefelder-friedensini.de\/?p=78"},"modified":"2015-05-12T23:27:39","modified_gmt":"2015-05-12T21:27:39","slug":"das-gesicht-des-krieges","status":"publish","type":"post","link":"https:\/\/bielefelder-friedensini.de\/?p=78","title":{"rendered":"Das Gesicht des Krieges"},"content":{"rendered":"<h3>Berichte aus dem Nordirak, aus Syrien und aus der T\u00fcrkei<\/h3>\n<p style=\"text-align: justify;\">Freitag, den 12. Dezember 2014, 19 bis 21 Uhr in der B\u00fcrgerwache am Siegfriedplatz:<\/p>\n<p style=\"text-align: justify;\">Mit unserer Veranstaltung wollen wir die Aufmerksamkeit auf das Gesicht des Krieges in den genannten aktuellen Konflikten legen. Alle unsere im <a href=\"http:\/\/bielefelder-friedensini.de\/wp-content\/uploads\/2014\/11\/2014-12-12__Das_Gesicht_des_Krieges.pdf\">Flugblatt genannten<\/a> Referentinnen und Referenten haben das Konfliktgebiet besucht und k\u00f6nnen direkte Informationen aus dem Kriegsgebiet geben und zur Diskussion dar\u00fcber beitragen, wie wir uns aus friedenspolitischer Sicht zu diesen Konflikten verhalten k\u00f6nnen.<\/p>\n<p style=\"text-align: justify;\">Wir haben dieses Thema mit dem \u201eInternationalen Tag der Menschenrechte\u201c verkn\u00fcpft, denn wir wissen: Dort, wo Krieg herrscht, haben Menschenrechte keine Chance \u2013 Die Beendigung des Krieges ist eine unabdingbare Voraussetzung f\u00fcr die Entfaltung von Menschenrechten.<\/p>\n<p style=\"text-align: justify;\">Wir freuen uns auf viele Besucher. Es wird eine spannende Veranstaltung mit viel Informationen werden.<\/p>\n<p>Flugblatt: <a href=\"http:\/\/bielefelder-friedensini.de\/wp-content\/uploads\/2014\/11\/2014-12-12__Das_Gesicht_des_Krieges.pdf\">2014-12-12__Das_Gesicht_des_Krieges.pdf<\/a> (680 KB)<\/p>\n","protected":false},"excerpt":{"rendered":"<p>Berichte aus dem Nordirak, aus Syrien und aus der T\u00fcrkei Freitag, den 12. Dezember 2014, 19 bis 21 Uhr in der B\u00fcrgerwache am Siegfriedplatz: Mit unserer Veranstaltung wollen wir die Aufmerksamkeit auf das Gesicht des Krieges in den genannten aktuellen Konflikten legen. Alle unsere im Flugblatt genannten Referentinnen und Referenten haben das Konfliktgebiet besucht und &hellip; <a href=\"https:\/\/bielefelder-friedensini.de\/?p=78\" class=\"more-link\"><span class=\"screen-reader-text\">Das Gesicht des Krieges<\/span> weiterlesen <span class=\"meta-nav\">&rarr;<\/span><\/a><\/p>\n","protected":false},"author":1,"featured_media":0,"comment_status":"closed","ping_status":"closed","sticky":false,"template":"","format":"standard","meta":{"footnotes":""},"categories":[3],"tags":[],"class_list":["post-78","post","type-post","status-publish","format-standard","hentry","category-archiv"],"_links":{"self":[{"href":"https:\/\/bielefelder-friedensini.de\/index.php?rest_route=\/wp\/v2\/posts\/78","targetHints":{"allow":["GET"]}}],"collection":[{"href":"https:\/\/bielefelder-friedensini.de\/index.php?rest_route=\/wp\/v2\/posts"}],"about":[{"href":"https:\/\/bielefelder-friedensini.de\/index.php?rest_route=\/wp\/v2\/types\/post"}],"author":[{"embeddable":true,"href":"https:\/\/bielefelder-friedensini.de\/index.php?rest_route=\/wp\/v2\/users\/1"}],"replies":[{"embeddable":true,"href":"https:\/\/bielefelder-friedensini.de\/index.php?rest_route=%2Fwp%2Fv2%2Fcomments&post=78"}],"version-history":[{"count":10,"href":"https:\/\/bielefelder-friedensini.de\/index.php?rest_route=\/wp\/v2\/posts\/78\/revisions"}],"predecessor-version":[{"id":164,"href":"https:\/\/bielefelder-friedensini.de\/index.php?rest_route=\/wp\/v2\/posts\/78\/revisions\/164"}],"wp:attachment":[{"href":"https:\/\/bielefelder-friedensini.de\/index.php?rest_route=%2Fwp%2Fv2%2Fmedia&parent=78"}],"wp:term":[{"taxonomy":"category","embeddable":true,"href":"https:\/\/bielefelder-friedensini.de\/index.php?rest_route=%2Fwp%2Fv2%2Fcategories&post=78"},{"taxonomy":"post_tag","embeddable":true,"href":"https:\/\/bielefelder-friedensini.de\/index.php?rest_route=%2Fwp%2Fv2%2Ftags&post=78"}],"curies":[{"name":"wp","href":"https:\/\/api.w.org\/{rel}","templated":true}]}}