{"id":94,"date":"2015-03-11T20:55:14","date_gmt":"2015-03-11T18:55:14","guid":{"rendered":"http:\/\/bielefelder-friedensini.de\/?p=94"},"modified":"2015-05-12T23:28:36","modified_gmt":"2015-05-12T21:28:36","slug":"maidan-oligarchie-und-geopolitik","status":"publish","type":"post","link":"https:\/\/bielefelder-friedensini.de\/?p=94","title":{"rendered":"Maidan, Oligarchie und Geopolitik"},"content":{"rendered":"<h3 style=\"text-align: justify;\">Vortrag von Mirko Petersen \u00fcber die Ukraine-Krise und M\u00f6glichkeiten der Deeskalation<\/h3>\n<p style=\"text-align: justify;\">Mittwoch, <strong>25. M\u00e4rz, 19 Uhr<\/strong>, im\u00a0Historischen Saal der VHS Bielefeld (Ravensberger Park 1)<\/p>\n<ol style=\"text-align: justify;\">\n<li>NATO, EU und Russland nach dem Ende der Blockkonfrontation &#8211; Was ist der &#8222;neue Kalte Krieg&#8220;?<\/li>\n<li>Wie kam es zum Sturz der ukrainischen Regierung im Februar 2014 und zum B\u00fcrgerkrieg?<\/li>\n<li>Welche Bedeutung hat die Oligarchie in der Ukraine?<\/li>\n<li>Wie gro\u00df ist die Gefahr einer weiteren Eskalation des Konfliktes?<\/li>\n<li>Welche M\u00f6glichkeiten der Deeskalation gibt es?<\/li>\n<\/ol>\n<p style=\"text-align: justify;\"><em>Mirko Petersen<\/em> ist Doktorand im Fach Geschichte an der Universit\u00e4t Bielefeld und befasst sich mit osteurop\u00e4ischer und lateinamerikanischer Politik. Zudem ist er Beirat der Informationsstelle Militarisierung (IMI). Seit 1996 arbeitet die IMI in einem breiten Spektrum friedenspolitischer Themen. Als gemeinn\u00fctziger Verein ist es ihr Ziel mit ihren Analysen und Informationen einen Beitrag zur V\u00f6lkerverst\u00e4ndigung zu leisten.<\/p>\n<p>Dieser Vortrag wurde organisiert in Kooperation mit <a title=\"Attac Bielefeld\" href=\"http:\/\/attac-bielefeld.de\/\">Attac Bielefeld<\/a> und <a title=\"IPPNW\" href=\"http:\/\/www.ippnw.de\/\">IPPNW<\/a> Bielefeld.<\/p>\n","protected":false},"excerpt":{"rendered":"<p>Vortrag von Mirko Petersen \u00fcber die Ukraine-Krise und M\u00f6glichkeiten der Deeskalation Mittwoch, 25. M\u00e4rz, 19 Uhr, im\u00a0Historischen Saal der VHS Bielefeld (Ravensberger Park 1) NATO, EU und Russland nach dem Ende der Blockkonfrontation &#8211; Was ist der &#8222;neue Kalte Krieg&#8220;? Wie kam es zum Sturz der ukrainischen Regierung im Februar 2014 und zum B\u00fcrgerkrieg? Welche &hellip; <a href=\"https:\/\/bielefelder-friedensini.de\/?p=94\" class=\"more-link\"><span class=\"screen-reader-text\">Maidan, Oligarchie und Geopolitik<\/span> weiterlesen <span class=\"meta-nav\">&rarr;<\/span><\/a><\/p>\n","protected":false},"author":1,"featured_media":0,"comment_status":"closed","ping_status":"closed","sticky":false,"template":"","format":"standard","meta":{"footnotes":""},"categories":[3],"tags":[],"class_list":["post-94","post","type-post","status-publish","format-standard","hentry","category-archiv"],"_links":{"self":[{"href":"https:\/\/bielefelder-friedensini.de\/index.php?rest_route=\/wp\/v2\/posts\/94","targetHints":{"allow":["GET"]}}],"collection":[{"href":"https:\/\/bielefelder-friedensini.de\/index.php?rest_route=\/wp\/v2\/posts"}],"about":[{"href":"https:\/\/bielefelder-friedensini.de\/index.php?rest_route=\/wp\/v2\/types\/post"}],"author":[{"embeddable":true,"href":"https:\/\/bielefelder-friedensini.de\/index.php?rest_route=\/wp\/v2\/users\/1"}],"replies":[{"embeddable":true,"href":"https:\/\/bielefelder-friedensini.de\/index.php?rest_route=%2Fwp%2Fv2%2Fcomments&post=94"}],"version-history":[{"count":8,"href":"https:\/\/bielefelder-friedensini.de\/index.php?rest_route=\/wp\/v2\/posts\/94\/revisions"}],"predecessor-version":[{"id":165,"href":"https:\/\/bielefelder-friedensini.de\/index.php?rest_route=\/wp\/v2\/posts\/94\/revisions\/165"}],"wp:attachment":[{"href":"https:\/\/bielefelder-friedensini.de\/index.php?rest_route=%2Fwp%2Fv2%2Fmedia&parent=94"}],"wp:term":[{"taxonomy":"category","embeddable":true,"href":"https:\/\/bielefelder-friedensini.de\/index.php?rest_route=%2Fwp%2Fv2%2Fcategories&post=94"},{"taxonomy":"post_tag","embeddable":true,"href":"https:\/\/bielefelder-friedensini.de\/index.php?rest_route=%2Fwp%2Fv2%2Ftags&post=94"}],"curies":[{"name":"wp","href":"https:\/\/api.w.org\/{rel}","templated":true}]}}